{"id":9697,"date":"2024-02-22T00:39:31","date_gmt":"2024-02-22T00:39:31","guid":{"rendered":"https:\/\/canaryvip.com\/?p=9697"},"modified":"2026-04-14T00:16:35","modified_gmt":"2026-04-13T23:16:35","slug":"carnival-of-santa-cruz-color-festivity-in-tenerife","status":"publish","type":"post","link":"https:\/\/canaryvip.com\/pl\/carnival-of-santa-cruz-color-festivity-in-tenerife\/","title":{"rendered":"Karnawa\u0142 w Santa Cruz de Tenerife: daty, program i czego si\u0119 spodziewa\u0107 w 2027 r."},"content":{"rendered":"<p><img decoding=\"async\" class=\"wp-image-9705\" src=\"https:\/\/canaryvip.com\/wp-content\/uploads\/2024\/02\/000111325511512000-300x200.png\" alt=\"Parada karnawa\u0142owa w Santa Cruz de Tenerife\" width=\"800\" height=\"533\" title=\"\" srcset=\"https:\/\/canaryvip.com\/wp-content\/uploads\/2024\/02\/000111325511512000-300x200.png 300w, https:\/\/canaryvip.com\/wp-content\/uploads\/2024\/02\/000111325511512000-1024x682.png 1024w, https:\/\/canaryvip.com\/wp-content\/uploads\/2024\/02\/000111325511512000-18x12.png 18w, https:\/\/canaryvip.com\/wp-content\/uploads\/2024\/02\/000111325511512000-1536x1023.png 1536w, https:\/\/canaryvip.com\/wp-content\/uploads\/2024\/02\/000111325511512000-600x400.png 600w, https:\/\/canaryvip.com\/wp-content\/uploads\/2024\/02\/000111325511512000.png 1600w\" sizes=\"(max-width: 800px) 100vw, 800px\" \/><\/p>\n<div id=\"ez-toc-container\" class=\"ez-toc-v2_0_82_2 counter-hierarchy ez-toc-counter ez-toc-custom ez-toc-container-direction\">\n<div class=\"ez-toc-title-container\">\n<p class=\"ez-toc-title\" style=\"cursor:inherit\">Spis tre\u015bci<\/p>\n<span class=\"ez-toc-title-toggle\"><a href=\"#\" class=\"ez-toc-pull-right ez-toc-btn ez-toc-btn-xs ez-toc-btn-default ez-toc-toggle\" aria-label=\"Prze\u0142\u0105cznik Spisu Tre\u015bci\"><span class=\"ez-toc-js-icon-con\"><span class=\"\"><span class=\"eztoc-hide\" style=\"display:none;\">Toggle<\/span><span class=\"ez-toc-icon-toggle-span\"><svg style=\"fill: #0a0000;color:#0a0000\" xmlns=\"http:\/\/www.w3.org\/2000\/svg\" class=\"list-377408\" width=\"20px\" height=\"20px\" viewbox=\"0 0 24 24\" fill=\"none\"><path d=\"M6 6H4v2h2V6zm14 0H8v2h12V6zM4 11h2v2H4v-2zm16 0H8v2h12v-2zM4 16h2v2H4v-2zm16 0H8v2h12v-2z\" fill=\"currentColor\"><\/path><\/svg><svg style=\"fill: #0a0000;color:#0a0000\" class=\"arrow-unsorted-368013\" xmlns=\"http:\/\/www.w3.org\/2000\/svg\" width=\"10px\" height=\"10px\" viewbox=\"0 0 24 24\" version=\"1.2\" baseprofile=\"tiny\"><path d=\"M18.2 9.3l-6.2-6.3-6.2 6.3c-.2.2-.3.4-.3.7s.1.5.3.7c.2.2.4.3.7.3h11c.3 0 .5-.1.7-.3.2-.2.3-.5.3-.7s-.1-.5-.3-.7zM5.8 14.7l6.2 6.3 6.2-6.3c.2-.2.3-.5.3-.7s-.1-.5-.3-.7c-.2-.2-.4-.3-.7-.3h-11c-.3 0-.5.1-.7.3-.2.2-.3.5-.3.7s.1.5.3.7z\"\/><\/svg><\/span><\/span><\/span><\/a><\/span><\/div>\n<nav><ul class='ez-toc-list ez-toc-list-level-1' ><li class='ez-toc-page-1 ez-toc-heading-level-2'><a class=\"ez-toc-link ez-toc-heading-1\" href=\"https:\/\/canaryvip.com\/pl\/carnival-of-santa-cruz-color-festivity-in-tenerife\/#Carnival_of_Santa_Cruz_de_Tenerife_dates_program_and_what_to_expect_in_2027\" >Karnawa\u0142 w Santa Cruz de Tenerife: daty, program i czego si\u0119 spodziewa\u0107 w 2027 r.<\/a><ul class='ez-toc-list-level-3' ><li class='ez-toc-heading-level-3'><a class=\"ez-toc-link ez-toc-heading-2\" href=\"https:\/\/canaryvip.com\/pl\/carnival-of-santa-cruz-color-festivity-in-tenerife\/#Carnival_of_Santa_Cruz_de_Tenerife_2027_dates_confirmed\" >Daty karnawa\u0142u w Santa Cruz de Tenerife 2027 (potwierdzone)<\/a><\/li><li class='ez-toc-page-1 ez-toc-heading-level-3'><a class=\"ez-toc-link ez-toc-heading-3\" href=\"https:\/\/canaryvip.com\/pl\/carnival-of-santa-cruz-color-festivity-in-tenerife\/#When_is_the_Carnival_of_Tenerife_Why_the_dates_change_every_year\" >Kiedy odbywa si\u0119 karnawa\u0142 na Teneryfie? Dlaczego daty zmieniaj\u0105 si\u0119 co roku<\/a><\/li><li class='ez-toc-page-1 ez-toc-heading-level-3'><a class=\"ez-toc-link ez-toc-heading-4\" href=\"https:\/\/canaryvip.com\/pl\/carnival-of-santa-cruz-color-festivity-in-tenerife\/#History_of_the_Carnival_of_Santa_Cruz_de_Tenerife\" >Historia karnawa\u0142u w Santa Cruz de Tenerife<\/a><\/li><li class='ez-toc-page-1 ez-toc-heading-level-3'><a class=\"ez-toc-link ez-toc-heading-5\" href=\"https:\/\/canaryvip.com\/pl\/carnival-of-santa-cruz-color-festivity-in-tenerife\/#The_Celia_Cruz_Guinness_World_Record_of_1987\" >Rekord Guinnessa Celii Cruz z 1987 roku<\/a><\/li><li class='ez-toc-page-1 ez-toc-heading-level-3'><a class=\"ez-toc-link ez-toc-heading-6\" href=\"https:\/\/canaryvip.com\/pl\/carnival-of-santa-cruz-color-festivity-in-tenerife\/#Main_events_of_the_Carnival_of_Santa_Cruz_de_Tenerife\" >G\u0142\u00f3wne wydarzenia karnawa\u0142u w Santa Cruz de Tenerife<\/a><\/li><li class='ez-toc-page-1 ez-toc-heading-level-3'><a class=\"ez-toc-link ez-toc-heading-7\" href=\"https:\/\/canaryvip.com\/pl\/carnival-of-santa-cruz-color-festivity-in-tenerife\/#Murgas_Comparsas_Rondallas_the_carnival_music_groups\" >Murgas, Comparsas, Rondallas: karnawa\u0142owe grupy muzyczne<\/a><\/li><li class='ez-toc-page-1 ez-toc-heading-level-3'><a class=\"ez-toc-link ez-toc-heading-8\" href=\"https:\/\/canaryvip.com\/pl\/carnival-of-santa-cruz-color-festivity-in-tenerife\/#How_to_get_to_the_Carnival_of_Santa_Cruz_de_Tenerife_from_the_south_coast\" >Jak dosta\u0107 si\u0119 na karnawa\u0142 w Santa Cruz de Tenerife z po\u0142udniowego wybrze\u017ca?<\/a><\/li><li class='ez-toc-page-1 ez-toc-heading-level-3'><a class=\"ez-toc-link ez-toc-heading-9\" href=\"https:\/\/canaryvip.com\/pl\/carnival-of-santa-cruz-color-festivity-in-tenerife\/#Where_to_stay_during_the_Carnival_of_Santa_Cruz_de_Tenerife\" >Gdzie si\u0119 zatrzyma\u0107 podczas karnawa\u0142u w Santa Cruz de Tenerife?<\/a><\/li><li class='ez-toc-page-1 ez-toc-heading-level-3'><a class=\"ez-toc-link ez-toc-heading-10\" href=\"https:\/\/canaryvip.com\/pl\/carnival-of-santa-cruz-color-festivity-in-tenerife\/#What_to_wear_to_the_Carnival_of_Santa_Cruz_de_Tenerife\" >W co si\u0119 ubra\u0107 na karnawa\u0142 w Santa Cruz de Tenerife?<\/a><\/li><li class='ez-toc-page-1 ez-toc-heading-level-3'><a class=\"ez-toc-link ez-toc-heading-11\" href=\"https:\/\/canaryvip.com\/pl\/carnival-of-santa-cruz-color-festivity-in-tenerife\/#Practical_tips_for_first-time_visitors\" >Praktyczne wskaz\u00f3wki dla odwiedzaj\u0105cych po raz pierwszy<\/a><\/li><li class='ez-toc-page-1 ez-toc-heading-level-3'><a class=\"ez-toc-link ez-toc-heading-12\" href=\"https:\/\/canaryvip.com\/pl\/carnival-of-santa-cruz-color-festivity-in-tenerife\/#Carnival_of_Santa_Cruz_de_Tenerife_frequently_asked_questions\" >Karnawa\u0142 w Santa Cruz de Tenerife: najcz\u0119\u015bciej zadawane pytania<\/a><\/li><\/ul><\/li><li class='ez-toc-page-1 ez-toc-heading-level-2'><a class=\"ez-toc-link ez-toc-heading-13\" href=\"https:\/\/canaryvip.com\/pl\/carnival-of-santa-cruz-color-festivity-in-tenerife\/#Visit_Tenerife_during_the_2027_Carnival_with_CanaryVIP\" >Odwied\u017a Teneryf\u0119 podczas karnawa\u0142u 2027 z CanaryVIP<\/a><\/li><\/ul><\/nav><\/div>\n<h2><span class=\"ez-toc-section\" id=\"Carnival_of_Santa_Cruz_de_Tenerife_dates_program_and_what_to_expect_in_2027\"><\/span>Karnawa\u0142 w Santa Cruz de Tenerife: daty, program i czego si\u0119 spodziewa\u0107 w 2027 r.<span class=\"ez-toc-section-end\"><\/span><\/h2>\n<p>Karnawa\u0142 w Santa Cruz de Tenerife jest drugim co do wielko\u015bci karnawa\u0142em na \u015bwiecie po karnawale w Rio de Janeiro. Odbywa si\u0119 co roku w lutym lub marcu w stolicy Teneryfy, przyci\u0105ga setki tysi\u0119cy ludzi, a od 1980 roku zosta\u0142 oficjalnie uznany za Fiest\u0119 o Mi\u0119dzynarodowym Znaczeniu Turystycznym. Z tego powodu Santa Cruz jest miastem partnerskim Rio de Janeiro.<\/p>\n<p>Ten przewodnik obejmuje wszystko, czego potrzebujesz, aby zaplanowa\u0107 podr\u00f3\u017c na karnawa\u0142 na Teneryfie: oficjalne daty 2027 r., najwa\u017cniejsze punkty programu, gal\u0119 Kr\u00f3lowej Karnawa\u0142u, rekordowy koncert Celii Cruz z 1987 r., jak dosta\u0107 si\u0119 tam z kurort\u00f3w po\u0142udniowego wybrze\u017ca, w co si\u0119 ubra\u0107 i praktyczne wskaz\u00f3wki dla pocz\u0105tkuj\u0105cych.<\/p>\n<h3><span class=\"ez-toc-section\" id=\"Carnival_of_Santa_Cruz_de_Tenerife_2027_dates_confirmed\"><\/span>Daty karnawa\u0142u w Santa Cruz de Tenerife 2027 (potwierdzone)<span class=\"ez-toc-section-end\"><\/span><\/h3>\n<p>Edycja Karnawa\u0142u w Santa Cruz de Tenerife w 2027 roku zosta\u0142a oficjalnie przesuni\u0119ta o dwa tygodnie p\u00f3\u017aniej ni\u017c zwykle ze wzgl\u0119d\u00f3w logistycznych (Recinto Ferial, gdzie zainstalowana jest g\u0142\u00f3wna scena, jest zaj\u0119ty przez Park Dzieci\u0119cy do 6 stycznia). Potwierdzone daty na rok 2027 to:<\/p>\n<p><strong>Gala otwarcia:<\/strong> 22 stycznia 2027 r. (Recinto Ferial, Santa Cruz)<\/p>\n<p><strong>Karnawa\u0142 na g\u0142\u00f3wnej ulicy:<\/strong> Od 19 do 28 lutego 2027 r.<\/p>\n<p><strong>Karnawa\u0142owy wtorek (parada El Coso):<\/strong> 23 lutego 2027 r. (og\u0142oszony lokalnym \u015bwi\u0119tem pa\u0144stwowym w Santa Cruz)<\/p>\n<p><strong>Poch\u00f3wek Sardynki:<\/strong> 24 lutego 2027 r. (\u015aroda Popielcowa)<\/p>\n<p><strong>Weekend Pi\u00f1ata (uroczysto\u015b\u0107 zamkni\u0119cia):<\/strong> od 27 do 28 lutego 2027 r.<\/p>\n<p>Program obejmuje oko\u0142o pi\u0119ciu tygodni gal, konkurs\u00f3w i wydarze\u0144, przy czym najwa\u017cniejsze wydarzenia publiczne koncentruj\u0105 si\u0119 w ostatnich dziesi\u0119ciu dniach (od 19 do 28 lutego). Je\u015bli podr\u00f3\u017cujesz z zagranicy, aby do\u015bwiadczy\u0107 karnawa\u0142u, celuj w ostatni weekend: Od pi\u0105tku 19 lutego (otwarcie parady ulicznej) do niedzieli 28 lutego (zako\u0144czenie Pi\u00f1ata Chica).<\/p>\n<h3><span class=\"ez-toc-section\" id=\"When_is_the_Carnival_of_Tenerife_Why_the_dates_change_every_year\"><\/span>Kiedy odbywa si\u0119 karnawa\u0142 na Teneryfie? Dlaczego daty zmieniaj\u0105 si\u0119 co roku<span class=\"ez-toc-section-end\"><\/span><\/h3>\n<p>Karnawa\u0142 jest powi\u0105zany z katolickim kalendarzem liturgicznym, a konkretnie z dat\u0105 Wielkanocy. Wtorek karnawa\u0142owy (Martes de Carnaval) przypada 47 dni przed Niedziel\u0105 Wielkanocn\u0105, co oznacza, \u017ce daty przesuwaj\u0105 si\u0119 o kilka tygodni ka\u017cdego roku w zale\u017cno\u015bci od tego, kiedy przypada Wielkanoc. W 2026 roku karnawa\u0142 trwa\u0142 do 22 lutego. W 2027 roku b\u0119dzie to 23 lutego.<\/p>\n<p>Je\u015bli chodzi o inne lata: karnawa\u0142 zawsze odbywa si\u0119 w lutym lub na pocz\u0105tku marca, nigdy w styczniu (chocia\u017c w niekt\u00f3rych latach gala otwarcia mo\u017ce odby\u0107 si\u0119 na pocz\u0105tku stycznia, jak pierwotnie planowano na 2027 r. przed prze\u0142o\u017ceniem).<\/p>\n<h3><span class=\"ez-toc-section\" id=\"History_of_the_Carnival_of_Santa_Cruz_de_Tenerife\"><\/span>Historia karnawa\u0142u w Santa Cruz de Tenerife<span class=\"ez-toc-section-end\"><\/span><\/h3>\n<p><img decoding=\"async\" class=\"wp-image-9708 alignnone\" src=\"https:\/\/canaryvip.com\/wp-content\/uploads\/2024\/02\/2342342-300x188.jpg\" alt=\"Historia karnawa\u0142u w Santa Cruz de Tenerife\" width=\"800\" height=\"501\" title=\"\" srcset=\"https:\/\/canaryvip.com\/wp-content\/uploads\/2024\/02\/2342342-300x188.jpg 300w, https:\/\/canaryvip.com\/wp-content\/uploads\/2024\/02\/2342342-1024x641.jpg 1024w, https:\/\/canaryvip.com\/wp-content\/uploads\/2024\/02\/2342342-18x12.jpg 18w, https:\/\/canaryvip.com\/wp-content\/uploads\/2024\/02\/2342342-600x376.jpg 600w, https:\/\/canaryvip.com\/wp-content\/uploads\/2024\/02\/2342342.jpg 1150w\" sizes=\"(max-width: 800px) 100vw, 800px\" \/><\/p>\n<p>Karnawa\u0142 w Santa Cruz ma korzenie si\u0119gaj\u0105ce wiek\u00f3w wstecz, \u0142\u0105cz\u0105c europejskie katolickie tradycje przedwielkopostne z wp\u0142ywami przywiezionymi przez emigrant\u00f3w i powracaj\u0105cych Kanaryjczyk\u00f3w z Kuby i Wenezueli (\u201cIndianos\u201d). Podczas dyktatury Franco (1939-1975) karnawa\u0142 zosta\u0142 oficjalnie zakazany, ale kontynuowano go potajemnie pod nazw\u0105 \u201cFiestas de Invierno\u201d (Festiwal Zimowy). Zakaz zosta\u0142 zniesiony w 1976 roku, a karnawa\u0142 zyska\u0142 na popularno\u015bci.<\/p>\n<p><strong>Kluczowe daty w historii karnawa\u0142u:<\/strong><br \/>\n- 1976: Karnawa\u0142 zostaje oficjalnie przywr\u00f3cony po okresie dyktatury<br \/>\n- 1980: Og\u0142oszona przez rz\u0105d hiszpa\u0144ski Fiest\u0105 o Mi\u0119dzynarodowym Znaczeniu Turystycznym.<br \/>\n- 1987: Koncert Celii Cruz wpisany do Ksi\u0119gi Rekord\u00f3w Guinnessa<br \/>\n- 2017: La Casa del Carnaval (muzeum karnawa\u0142u) otwarte dla publiczno\u015bci<br \/>\n- 2020: Karnawa\u0142 \u201cCalima\u201d zak\u0142\u00f3cony przez burz\u0119 py\u0142ow\u0105 na Saharze<br \/>\n- 2027: Daty oficjalnie przesuni\u0119te ze wzgl\u0119du na logistyk\u0119 Recinto Ferial<\/p>\n<p>Ka\u017cdego roku karnawa\u0142 przyjmuje oficjalny temat wybrany w publicznym g\u0142osowaniu. Wcze\u015bniejsze tematy obejmowa\u0142y Rzym (1987, pierwszy karnawa\u0142 tematyczny), Tysi\u0105cletni Egipt (1989), Przysz\u0142o\u015b\u0107 (2015), G\u0142\u0119biny Morza (2019), Flirty Fifties (2020) i Telewizj\u0119 (ostatnie lata). Temat inspiruje kostiumy, p\u0142ywaki i scenografi\u0119 w Recinto Ferial.<\/p>\n<h3><span class=\"ez-toc-section\" id=\"The_Celia_Cruz_Guinness_World_Record_of_1987\"><\/span>Rekord Guinnessa Celii Cruz z 1987 roku<span class=\"ez-toc-section-end\"><\/span><\/h3>\n<p>9 marca 1987 r. kuba\u0144ska legenda salsy Celia Cruz zagra\u0142a darmowy koncert na Plaza de Espa\u00f1a podczas karnawa\u0142u w Santa Cruz, w towarzystwie Billo's Caracas Boys i Sonora Matancera. Koncert przyci\u0105gn\u0105\u0142 oko\u0142o 250 000 os\u00f3b, co czyni go najwi\u0119kszym w historii koncertem plenerowym na miejskim placu. Wydarzenie to zosta\u0142o wpisane do Ksi\u0119gi Rekord\u00f3w Guinnessa.<\/p>\n<p>Celia Cruz wielokrotnie powraca\u0142a na Teneryf\u0119 w trakcie swojej kariery. Jak sama stwierdzi\u0142a, wyspa ta ukoi\u0142a jej t\u0119sknot\u0119 za Kub\u0105. Wystawa muzealna w La Casa del Carnaval (otwarta w 2017 r.) upami\u0119tnia ten koncert. W 2019 r. ponad 400 000 os\u00f3b zebra\u0142o si\u0119 podczas karnawa\u0142u w ci\u0105gu dnia, aby us\u0142ysze\u0107 Juana Luisa Guerr\u0119, technicznie przekraczaj\u0105c rekord Celii, ale bez oficjalnego notariusza Guinnessa, kt\u00f3ry by to zarejestrowa\u0142.<\/p>\n<p>Koncert Roda Stewarta w Copacabana Beach (Rio de Janeiro, 1994) z 3,5 milionami widz\u00f3w ostatecznie pobi\u0142 rekord, ale koncert Celii Cruz z 1987 roku jest nadal pami\u0119tany jako jeden z najbardziej kultowych moment\u00f3w w historii muzyki latynoskiej.<\/p>\n<h3><span class=\"ez-toc-section\" id=\"Main_events_of_the_Carnival_of_Santa_Cruz_de_Tenerife\"><\/span>G\u0142\u00f3wne wydarzenia karnawa\u0142u w Santa Cruz de Tenerife<span class=\"ez-toc-section-end\"><\/span><\/h3>\n<p><strong>1. Gala de Elecci\u00f3n de la Reina del Carnaval (Gala Kr\u00f3lowej Karnawa\u0142u).<\/strong> Najbardziej znane wydarzenie. Odbywa si\u0119 w Recinto Ferial w \u015brod\u0119 pierwszego tygodnia. Kandydatki paraduj\u0105 w wyszukanych kostiumach, kt\u00f3re mog\u0105 wa\u017cy\u0107 ponad 100 kilogram\u00f3w i kosztowa\u0107 dziesi\u0105tki tysi\u0119cy euro. Suknie cz\u0119sto wymagaj\u0105 k\u00f3\u0142ek pod spodem, aby mo\u017cna je by\u0142o przenosi\u0107, a kandydaci trenuj\u0105 fizycznie przez wiele miesi\u0119cy, aby je unie\u015b\u0107. Transmisja na \u017cywo w Televisi\u00f3n Espa\u00f1ola i Canarian TV. Bilety s\u0105 wymagane i wyprzedaj\u0105 si\u0119 z wielomiesi\u0119cznym wyprzedzeniem.<\/p>\n<p><strong>2. Cabalgata Anunciadora (Parada Otwarcia).<\/strong> Pi\u0105tek pierwszego tygodnia ulicznego karnawa\u0142u. Jest to oficjalny pocz\u0105tek obchod\u00f3w ulicznych. Tysi\u0105ce ludzi w kostiumach wype\u0142nia ulice od Plaza de Espa\u00f1a do Avenida de Anaga, z grupami muzycznymi, p\u0142ywakami i tancerzami. Wst\u0119p wolny.<\/p>\n<p><strong>3. El Coso Apoteosis (Wielki Fina\u0142 Parady).<\/strong> Kulminacyjna parada w karnawa\u0142owy wtorek po po\u0142udniu. Grupy, p\u0142ywaki, udekorowane samochody, kr\u00f3lowe i tysi\u0105ce uczestnik\u00f3w maszeruj\u0105 przez centrum miasta przez wiele godzin. Najbardziej spektakularne wydarzenie karnawa\u0142u. Ogl\u0105danie jest bezp\u0142atne, ale nale\u017cy przyby\u0107 bardzo wcze\u015bnie, aby znale\u017a\u0107 dobre miejsce na trasie.<\/p>\n<p><strong>4. Entierro de la Sardina (Pogrzeb sardynki).<\/strong> Odbywa si\u0119 w \u015arod\u0119 Popielcow\u0105, dzie\u0144 po Coso. Gigantyczna sardynka z papier-m\u00e2ch\u00e9 (do 10 metr\u00f3w d\u0142ugo\u015bci) paraduje ulicami w towarzystwie \u201cwd\u00f3w i wdowc\u00f3w\u201d w strojach \u017ca\u0142obnych (g\u0142\u00f3wnie m\u0119\u017cczyzn w przebraniach dla efektu komediowego). Sardynka jest spalana na ognisku przy akompaniamencie fajerwerk\u00f3w, co symbolizuje koniec karnawa\u0142u. Jedno z najbardziej fotogenicznych i wyj\u0105tkowych wydarze\u0144 ca\u0142ego festiwalu.<\/p>\n<p><strong>5. Carnaval de D\u00eda (Karnawa\u0142 dzienny).<\/strong> Dwie soboty ca\u0142odziennych imprez ulicznych z muzyk\u0105 na \u017cywo, setami DJ-skimi i ta\u0144cami na \u015bwie\u017cym powietrzu. To tutaj ustanowiono rekordy t\u0142umu Celii Cruz i Juana Luisa Guerry. Ogromna, pe\u0142na, imprezowa atmosfera.<\/p>\n<p><strong>6. Weekend Pi\u00f1ata Chica.<\/strong> Ostatni weekend po \u015arodzie Popielcowej. Druga runda imprez, cz\u0119sto spokojniejszych ni\u017c g\u0142\u00f3wny karnawa\u0142, ale wci\u0105\u017c t\u0119tni\u0105cych \u017cyciem. Prawdziwe zako\u0144czenie \u015bwi\u0105t.<\/p>\n<h3><span class=\"ez-toc-section\" id=\"Murgas_Comparsas_Rondallas_the_carnival_music_groups\"><\/span>Murgas, Comparsas, Rondallas: karnawa\u0142owe grupy muzyczne<span class=\"ez-toc-section-end\"><\/span><\/h3>\n<p>Karnawa\u0142 w Santa Cruz ma trzy g\u0142\u00f3wne rodzaje konkurencyjnych grup muzycznych, a ka\u017cda z nich ma swoje w\u0142asne zawody podczas gal otwarcia:<\/p>\n<p><strong>Murgas:<\/strong> Du\u017ce grupy (do 50 lub 60 wokalist\u00f3w), kt\u00f3re wykonuj\u0105 satyryczne piosenki na aktualne tematy polityczne i spo\u0142eczne. Humor jest ostry, lokalny i cz\u0119sto brutalny w stosunku do polityk\u00f3w. Chicharreros (mieszka\u0144cy Santa Cruz) \u015bledz\u0105 zawody murga z tak\u0105 sam\u0105 intensywno\u015bci\u0105, z jak\u0105 inne miasta \u015bledz\u0105 pi\u0142k\u0119 no\u017cn\u0105.<\/p>\n<p><strong>Comparsas:<\/strong> Grupy taneczne w stylu brazylijskim z pierzastymi kostiumami, rytmami samby i rozbudowanymi choreografiami. Najbardziej spektakularne wizualnie grupy w paradach.<\/p>\n<p><strong>Rondallas:<\/strong> Tradycyjne kanaryjskie zespo\u0142y smyczkowe wykonuj\u0105ce romantyczn\u0105 muzyk\u0119 w strojach vintage. Najbardziej klasyczny i melodyjny z ca\u0142ej tr\u00f3jki.<\/p>\n<p>Bilety na zawody eliminacyjne i fina\u0142owe w ka\u017cdej kategorii s\u0105 dost\u0119pne na oficjalnej stronie karnawa\u0142u i szybko si\u0119 wyprzedaj\u0105, zw\u0142aszcza na rundy fina\u0142owe.<\/p>\n<h3><span class=\"ez-toc-section\" id=\"How_to_get_to_the_Carnival_of_Santa_Cruz_de_Tenerife_from_the_south_coast\"><\/span>Jak dosta\u0107 si\u0119 na karnawa\u0142 w Santa Cruz de Tenerife z po\u0142udniowego wybrze\u017ca?<span class=\"ez-toc-section-end\"><\/span><\/h3>\n<p>Wi\u0119kszo\u015b\u0107 turyst\u00f3w odwiedzaj\u0105cych Teneryf\u0119 zatrzymuje si\u0119 na po\u0142udniu (Costa Adeje, Playa de las Americas, Los Cristianos) i musi podr\u00f3\u017cowa\u0107 na p\u00f3\u0142noc do Santa Cruz na karnawa\u0142. Santa Cruz znajduje si\u0119 oko\u0142o 75 km od Costa Adeje, oko\u0142o 1 godziny jazdy samochodem.<\/p>\n<p><strong>Autobusem (TITSA):<\/strong> Trasa 111 to ekspresowy bezpo\u015bredni autobus mi\u0119dzy Costa Adeje i Santa Cruz. Podr\u00f3\u017c trwa oko\u0142o 1 godziny. Normalna cz\u0119stotliwo\u015b\u0107 to co 30 minut, ale podczas nocy karnawa\u0142owych TITSA uruchamia dodatkowe nocne us\u0142ugi \u201cguagua al carnaval\u201d. Taryfy oko\u0142o 9-10 \u20ac w jedn\u0105 stron\u0119 z kart\u0105 Ten+. Sprawd\u017a rozk\u0142ady jazdy na stronie internetowej TITSA w tygodniu karnawa\u0142u. Og\u00f3lne informacje na temat transportu mo\u017cna znale\u017a\u0107 na naszej stronie <a href=\"https:\/\/canaryvip.com\/pl\/navigating-public-transportation-in-tenerife\/\"><strong>przewodnik po transporcie publicznym<\/strong><\/a>.<\/p>\n<p><strong>Samochodem:<\/strong> Autostrad\u0105 TF-1 na p\u00f3\u0142nocny wsch\u00f3d. Parkowanie w Santa Cruz podczas nocy karnawa\u0142owych jest bardzo trudne. Zaparkuj na obrze\u017cach i id\u017a pieszo lub we\u017a tramwaj z La Laguna. Przepisy dotycz\u0105ce jazdy pod wp\u0142ywem alkoholu s\u0105 w Hiszpanii surowe, a ich egzekwowanie podczas karnawa\u0142u jest bardzo intensywne. Je\u015bli pijesz, nie prowad\u017a samochodu. Zobacz nasz\u0105 stron\u0119 <a href=\"https:\/\/canaryvip.com\/pl\/exploring-tenerife-by-car-rental\/\"><strong>Przewodnik po je\u017adzie samochodem na Teneryfie<\/strong><\/a>.<\/p>\n<p><strong>Zorganizowanym transferem autobusowym:<\/strong> Kilku operator\u00f3w oferuje dedykowane karnawa\u0142owe transfery autobusowe z po\u0142udniowego wybrze\u017ca podczas karnawa\u0142owych nocy. Jest to naj\u0142atwiejsza opcja, je\u015bli chcesz pi\u0107 i nie martwi\u0107 si\u0119 o logistyk\u0119.<\/p>\n<p><strong>Taks\u00f3wk\u0105:<\/strong> Oko\u0142o 90-110 euro w jedn\u0105 stron\u0119 z Costa Adeje do Santa Cruz. Drogie, ale praktyczne dla grup od 3 do 4 os\u00f3b.<\/p>\n<h3><span class=\"ez-toc-section\" id=\"Where_to_stay_during_the_Carnival_of_Santa_Cruz_de_Tenerife\"><\/span>Gdzie si\u0119 zatrzyma\u0107 podczas karnawa\u0142u w Santa Cruz de Tenerife?<span class=\"ez-toc-section-end\"><\/span><\/h3>\n<p>Hotele w Santa Cruz i La Laguna rezerwuj\u0105 miejsca na tydzie\u0144 karnawa\u0142u od 6 do 12 miesi\u0119cy wcze\u015bniej. Je\u015bli planujesz wzi\u0105\u0107 udzia\u0142 w karnawale w 2027 roku, zarezerwuj zakwaterowanie najp\u00f3\u017aniej na pocz\u0105tku 2026 roku.<\/p>\n<p><strong>Pobyt w Santa Cruz:<\/strong> Najlepsza opcja, je\u015bli chcesz dotrze\u0107 na wydarzenia pieszo. Najdogodniejsze s\u0105 hotele w pobli\u017cu Plaza de Espa\u00f1a i Avenida de Anaga. Spodziewaj si\u0119 cen w szczycie sezonu (cz\u0119sto 2-3 razy wy\u017cszych ni\u017c normalnie).<\/p>\n<p><strong>Pobyt w La Laguna:<\/strong> Historyczne miasto oddalone o 10 minut tramwajem od Santa Cruz. Spokojniejsze ni\u017c samo Santa Cruz i z pi\u0119kn\u0105 kolonialn\u0105 architektur\u0105. Tramwaj kursuje do p\u00f3\u017ana podczas karnawa\u0142u.<\/p>\n<p><strong>Pobyt w Puerto de la Cruz:<\/strong> G\u0142\u00f3wny kurort na p\u00f3\u0142nocnym wybrze\u017cu. 45 minut jazdy samochodem lub autobusem do Santa Cruz. Puerto ma sw\u00f3j mniejszy (ale wci\u0105\u017c t\u0119tni\u0105cy \u017cyciem) karnawa\u0142, wi\u0119c mo\u017cna po\u0142\u0105czy\u0107 oba.<\/p>\n<p><strong>Pobyt na po\u0142udniu (Costa Adeje, Las Americas):<\/strong> Znajduje si\u0119 tu wi\u0119kszo\u015b\u0107 hoteli turystycznych. Ta\u0144sze i z pe\u0142n\u0105 infrastruktur\u0105 kurortu, ale b\u0119dziesz musia\u0142 podr\u00f3\u017cowa\u0107 1 godzin\u0119, aby dotrze\u0107 do karnawa\u0142u. Najlepsze, je\u015bli \u0142\u0105czysz karnawa\u0142 z regularnymi wakacjami na pla\u017cy.<\/p>\n<p>Pe\u0142ne zestawienie obszar\u00f3w mo\u017cna znale\u017a\u0107 w naszym przewodniku na stronie <a href=\"https:\/\/canaryvip.com\/pl\/where-to-stay-in-tenerife\/\"><strong>Gdzie si\u0119 zatrzyma\u0107 na Teneryfie<\/strong><\/a>.<\/p>\n<h3><span class=\"ez-toc-section\" id=\"What_to_wear_to_the_Carnival_of_Santa_Cruz_de_Tenerife\"><\/span>W co si\u0119 ubra\u0107 na karnawa\u0142 w Santa Cruz de Tenerife?<span class=\"ez-toc-section-end\"><\/span><\/h3>\n<p>Niepisana zasada: wszyscy si\u0119 przebieraj\u0105. Powa\u017cnie, wszyscy. Je\u015bli pojawisz si\u0119 w normalnym ubraniu, poczujesz si\u0119 nie na miejscu. Nawet najbardziej swobodni uczestnicy nosz\u0105 przynajmniej peruk\u0119, kapelusz, farb\u0119 do twarzy lub prosty kostium.<\/p>\n<p><strong>Opcje od najmniejszego do najwi\u0119kszego wysi\u0142ku:<\/strong><br \/>\n- Peruka + kapelusz + farba do twarzy (absolutne minimum)<br \/>\n- tematyczna koszulka lub sukienka (piraci, hipisi, superbohaterowie, cokolwiek rozpoznawalnego)<br \/>\n- Pe\u0142ny kostium wypo\u017cyczony lub kupiony w jednym z wielu sklep\u00f3w karnawa\u0142owych w Santa Cruz, kt\u00f3re s\u0105 otwarte na kilka tygodni przed karnawa\u0142em.<br \/>\n- Rozbudowany kostium grupowy skoordynowany z przyjaci\u00f3\u0142mi<\/p>\n<p>Oficjalny motyw karnawa\u0142u (og\u0142aszany z wielomiesi\u0119cznym wyprzedzeniem) jest powszechn\u0105 inspiracj\u0105, ale nie jest obowi\u0105zkowy. Wi\u0119kszo\u015b\u0107 miejscowych nie stosuje si\u0119 \u015bci\u015ble do motywu przewodniego.<\/p>\n<p><strong>Gdzie kupi\u0107 kostiumy:<\/strong> Wiele sklep\u00f3w w centrum Santa Cruz sprzedaje kostiumy i akcesoria od po\u0142owy stycznia. Chi\u0144skie bazary (cz\u0119sto nazywane \u201cchinos\u201d) maj\u0105 najszerszy asortyment w najta\u0144szych cenach. G\u0142\u00f3wne ulice handlowe wok\u00f3\u0142 Calle Castillo oferuj\u0105 bardziej kreatywne opcje.<\/p>\n<p><strong>Praktyczne wskaz\u00f3wki:<\/strong> Wygodne buty s\u0105 konieczno\u015bci\u0105 (b\u0119dziesz chodzi\u0107 wiele godzin). Noce karnawa\u0142owe mog\u0105 by\u0107 zimne, dlatego nale\u017cy zabra\u0107 ze sob\u0105 lekk\u0105 kurtk\u0119, kt\u00f3ra pasuje do estetyki kostiumu. Unikaj mocnego makija\u017cu w ciep\u0142e dni.<\/p>\n<h3><span class=\"ez-toc-section\" id=\"Practical_tips_for_first-time_visitors\"><\/span>Praktyczne wskaz\u00f3wki dla odwiedzaj\u0105cych po raz pierwszy<span class=\"ez-toc-section-end\"><\/span><\/h3>\n<p><strong>Zarezerwuj zakwaterowanie wcze\u015bniej.<\/strong> Hotele na karnawa\u0142 w Santa Cruz s\u0105 rezerwowane z wielomiesi\u0119cznym wyprzedzeniem. Nie zostawiaj tego do grudnia.<\/p>\n<p><strong>Przynie\u015b got\u00f3wk\u0119.<\/strong> Wielu ulicznych sprzedawc\u00f3w nie akceptuje kart podczas masowych imprez ulicznych.<\/p>\n<p><strong>Korzystaj z publicznych toalet.<\/strong> Gmina ustawia tymczasowe toalety na ca\u0142ym obszarze karnawa\u0142u. Nie b\u0105d\u017a turyst\u0105, kt\u00f3ry sika na \u015bcian\u0119.<\/p>\n<p><strong>Kieszonkowcy istniej\u0105.<\/strong> Nie jest to niebezpieczne, ale powszechne w du\u017cych t\u0142umach. Cenne przedmioty nale\u017cy przechowywa\u0107 w bezpiecznym miejscu i korzysta\u0107 z przedniej kieszeni lub paska na pieni\u0105dze.<\/p>\n<p><strong>Zacznij wcze\u015bnie lub id\u017a p\u00f3\u017ano.<\/strong> Wielkie noce karnawa\u0142owe zaczynaj\u0105 si\u0119 o 22:00, ale ulice zape\u0142niaj\u0105 si\u0119 dopiero o p\u00f3\u0142nocy. Impreza trwa do 6 lub 7 rano. Nie spiesz si\u0119.<\/p>\n<p><strong>Nie prowad\u017a.<\/strong> Hiszpa\u0144skie limity jazdy pod wp\u0142ywem alkoholu wynosz\u0105 0,5 g\/l alkoholu we krwi (0,25 dla nowych kierowc\u00f3w). Po prostu nie.<\/p>\n<p><strong>Szanuj grupy.<\/strong> Podczas wyst\u0119p\u00f3w comparsas i murgas nie blokuj im drogi ani nie przecinaj ich formacji.<\/p>\n<p><strong>Naucz si\u0119 kilku s\u0142\u00f3w.<\/strong> \u201cChicharrero\u201d oznacza osob\u0119 pochodz\u0105c\u0105 z Santa Cruz. \u201cGuachinche\u201d to tradycyjna kanaryjska jad\u0142odajnia. \u201cGuagua\u201d to autobus. \u201cQue viva el carnaval\u201d jest zawsze doceniane.<\/p>\n<h3><span class=\"ez-toc-section\" id=\"Carnival_of_Santa_Cruz_de_Tenerife_frequently_asked_questions\"><\/span>Karnawa\u0142 w Santa Cruz de Tenerife: najcz\u0119\u015bciej zadawane pytania<span class=\"ez-toc-section-end\"><\/span><\/h3>\n<p><strong>Kiedy odb\u0119dzie si\u0119 karnawa\u0142 w Santa Cruz de Tenerife w 2027 roku?<\/strong><br \/>\nGala otwarcia odb\u0119dzie si\u0119 22 stycznia 2027 roku. Karnawa\u0142 na g\u0142\u00f3wnej ulicy trwa od 19 do 28 lutego 2027 roku. Karnawa\u0142owy wtorek (parada El Coso) przypada na 23 lutego 2027 r.<\/p>\n<p><strong>Czy karnawa\u0142 na Teneryfie jest darmowy?<\/strong><br \/>\nWi\u0119kszo\u015b\u0107 wydarze\u0144 ulicznych jest bezp\u0142atna: parady, Coso, Pogrzeb Sardynki, Karnawa\u0142 Dzienny oraz og\u00f3lne uroczysto\u015bci na Plaza de Espa\u00f1a i Avenida de Anaga. Konkursy galowe w Recinto Ferial (Gala Kr\u00f3lowej Karnawa\u0142u, konkurs Murgas, konkurs Comparsas) wymagaj\u0105 wcze\u015bniejszego zakupu bilet\u00f3w za po\u015brednictwem oficjalnej strony internetowej karnawa\u0142u.<\/p>\n<p><strong>Jak du\u017cy jest karnawa\u0142 w Santa Cruz de Tenerife?<\/strong><br \/>\nTo drugi co do wielko\u015bci karnawa\u0142 na \u015bwiecie po Rio de Janeiro. Karnawa\u0142 dzienny w 2019 roku przyci\u0105gn\u0105\u0142 ponad 400 000 os\u00f3b. Koncert Celii Cruz w 1987 roku przyci\u0105gn\u0105\u0142 250 000 os\u00f3b i zosta\u0142 wpisany do Ksi\u0119gi Rekord\u00f3w Guinnessa.<\/p>\n<p><strong>Gdzie obchodzony jest g\u0142\u00f3wny karnawa\u0142?<\/strong><br \/>\nW mie\u015bcie Santa Cruz de Tenerife, stolicy wyspy. G\u0142\u00f3wne strefy to Plaza de Espa\u00f1a, Avenida de Anaga, Recinto Ferial (na gale i konkursy) oraz historyczne centrum wok\u00f3\u0142 Calle Castillo.<\/p>\n<p><strong>Czy musz\u0119 mie\u0107 na sobie kostium?<\/strong><br \/>\nNie technicznie, ale prawie ka\u017cdy to robi. Je\u015bli tego nie zrobisz, poczujesz si\u0119 niedopasowany. Nawet peruka i farba do twarzy wystarcz\u0105, aby si\u0119 dopasowa\u0107.<\/p>\n<p><strong>Jaka jest r\u00f3\u017cnica mi\u0119dzy karnawa\u0142em w Santa Cruz a karnawa\u0142em w Puerto de la Cruz?<\/strong><br \/>\nKarnawa\u0142 w Santa Cruz jest najwi\u0119kszy. Puerto de la Cruz ma sw\u00f3j mniejszy, ale bardzo \u017cywy karnawa\u0142, kt\u00f3ry zwykle odbywa si\u0119 w tym samym okresie. Karnawa\u0142 w Puerto s\u0142ynie z \u201cMascarita Ponte Tac\u00f3n\u201d (wy\u015bcigu na wysokich obcasach), komediowego wy\u015bcigu, w kt\u00f3rym m\u0119\u017cczy\u017ani rywalizuj\u0105 na wysokich obcasach.<\/p>\n<p><strong>Czy Karnawa\u0142 na Teneryfie jest przyjazny rodzinom?<\/strong><br \/>\nKarnawa\u0142 w ci\u0105gu dnia (soboty) i parada Coso s\u0105 \u015bwietne dla rodzin z dzie\u0107mi. P\u00f3\u017ane imprezy nocne od p\u00f3\u0142nocy koncentruj\u0105 si\u0119 na doros\u0142ych z intensywnym piciem. Istnieje r\u00f3wnie\u017c specjalny program karnawa\u0142owy dla dzieci z zaj\u0119ciami dla ca\u0142ej rodziny.<\/p>\n<p><strong>Jak kupi\u0107 bilety na gal\u0119 Carnival Queen?<\/strong><br \/>\nZa po\u015brednictwem oficjalnej strony internetowej karnawa\u0142u (carnavaldetenerife.com), gdy sprzeda\u017c zostanie otwarta (zwykle pod koniec grudnia lub na pocz\u0105tku stycznia). Bilety wyprzedaj\u0105 si\u0119 w ci\u0105gu kilku dni. Bilety Scalper pojawiaj\u0105 si\u0119 na rynkach wt\u00f3rnych, ale ich ceny s\u0105 zawy\u017cone.<\/p>\n<p><strong>Czy mog\u0119 odwiedzi\u0107 Muzeum Karnawa\u0142u poza lutym?<\/strong><br \/>\nTak. La Casa del Carnaval zosta\u0142a otwarta w 2017 roku w historycznym budynku dawnego wi\u0119zienia Santa Cruz. Znajduj\u0105 si\u0119 w nim sta\u0142e eksponaty dotycz\u0105ce historii karnawa\u0142u, pokazy kostium\u00f3w, koncert Celii Cruz i interaktywne multimedia. Otwarte przez ca\u0142y rok.<\/p>\n<p><strong>Jaka jest pogoda podczas karnawa\u0142u?<\/strong><br \/>\nSanta Cruz w lutym jest \u0142agodne: temperatury w ci\u0105gu dnia oko\u0142o 18-21\u00b0C, temperatury w nocy 14-16\u00b0C. Na nocne imprezy warto zabra\u0107 lekk\u0105 kurtk\u0119. Deszcz jest mo\u017cliwy, ale nie cz\u0119sto. Zobacz nasz\u0105 stron\u0119 <a href=\"https:\/\/canaryvip.com\/pl\/tenerifes-microclimates-packing-for-every-season\/\"><strong>Przewodnik pakowania na Teneryfie<\/strong><\/a>.<\/p>\n<h2><span class=\"ez-toc-section\" id=\"Visit_Tenerife_during_the_2027_Carnival_with_CanaryVIP\"><\/span>Odwied\u017a Teneryf\u0119 podczas karnawa\u0142u 2027 z CanaryVIP<span class=\"ez-toc-section-end\"><\/span><\/h2>\n<p>Je\u015bli \u0142\u0105czysz karnawa\u0142 w Santa Cruz z og\u00f3lnymi wakacjami na Teneryfie, <a href=\"https:\/\/canaryvip.com\/pl\/\"><strong>CanaryVIP<\/strong><\/a> oferuje wycieczki obejmuj\u0105ce pozosta\u0142\u0105 cz\u0119\u015b\u0107 wyspy: <a href=\"https:\/\/canaryvip.com\/pl\/shop\/teide-guided-bus-tour\/\"><strong>Wycieczki na Teide<\/strong><\/a>, <a href=\"https:\/\/canaryvip.com\/pl\/tenerife\/boat-excursions\/\"><strong>obserwacja wieloryb\u00f3w<\/strong><\/a>, <a href=\"https:\/\/canaryvip.com\/pl\/tenerife\/guided-tours\/bus-tours\/\"><strong>wycieczki jednodniowe p\u00f3\u0142nocne wybrze\u017ce<\/strong><\/a>, i nie tylko. Wi\u0119kszo\u015b\u0107 wycieczek obejmuje odbi\u00f3r z hotelu z kurort\u00f3w po\u0142udniowego wybrze\u017ca.<\/p>\n<p>Informacje o innych festiwalach na Teneryfie w ci\u0105gu roku, wydarzeniach i najlepszym czasie na wizyt\u0119 mo\u017cna znale\u017a\u0107 na naszej stronie internetowej <a href=\"https:\/\/canaryvip.com\/pl\/the-best-time-to-visit-tenerife\/\"><strong>Najlepszy czas na wizyt\u0119 na Teneryfie - przewodnik<\/strong><\/a>.<\/p>\n<p><strong><a href=\"https:\/\/canaryvip.com\/pl\/tenerife\/\">Przegl\u0105daj wszystkie wycieczki na Teneryf\u0119<\/a><\/strong><\/p>\n<p>Pe\u0142ny oficjalny program i sprzeda\u017c bilet\u00f3w mo\u017cna znale\u017a\u0107 na stronie <a href=\"https:\/\/carnavaldetenerife.com\/\" target=\"_blank\" rel=\"noopener\">Oficjalna strona internetowa Karnawa\u0142u na Teneryfie<\/a>.<\/p>","protected":false},"excerpt":{"rendered":"<p>Karnawa\u0142 w Santa Cruz de Tenerife: daty, program i czego si\u0119 spodziewa\u0107 w 2027 r. Karnawa\u0142 w Santa Cruz de Tenerife jest drugim co do wielko\u015bci karnawa\u0142em na \u015bwiecie po Rio de Janeiro. Odbywa si\u0119 co roku w lutym lub marcu w stolicy Teneryfy, przyci\u0105ga setki tysi\u0119cy ludzi i zosta\u0142 oficjalnie...<\/p>","protected":false},"author":4,"featured_media":9705,"comment_status":"open","ping_status":"closed","sticky":false,"template":"","format":"standard","meta":{"_acf_changed":false,"footnotes":""},"categories":[75],"tags":[],"class_list":["post-9697","post","type-post","status-publish","format-standard","has-post-thumbnail","hentry","category-culture-and-history"],"acf":[],"_links":{"self":[{"href":"https:\/\/canaryvip.com\/pl\/wp-json\/wp\/v2\/posts\/9697","targetHints":{"allow":["GET"]}}],"collection":[{"href":"https:\/\/canaryvip.com\/pl\/wp-json\/wp\/v2\/posts"}],"about":[{"href":"https:\/\/canaryvip.com\/pl\/wp-json\/wp\/v2\/types\/post"}],"author":[{"embeddable":true,"href":"https:\/\/canaryvip.com\/pl\/wp-json\/wp\/v2\/users\/4"}],"replies":[{"embeddable":true,"href":"https:\/\/canaryvip.com\/pl\/wp-json\/wp\/v2\/comments?post=9697"}],"version-history":[{"count":14,"href":"https:\/\/canaryvip.com\/pl\/wp-json\/wp\/v2\/posts\/9697\/revisions"}],"predecessor-version":[{"id":17169,"href":"https:\/\/canaryvip.com\/pl\/wp-json\/wp\/v2\/posts\/9697\/revisions\/17169"}],"wp:featuredmedia":[{"embeddable":true,"href":"https:\/\/canaryvip.com\/pl\/wp-json\/wp\/v2\/media\/9705"}],"wp:attachment":[{"href":"https:\/\/canaryvip.com\/pl\/wp-json\/wp\/v2\/media?parent=9697"}],"wp:term":[{"taxonomy":"category","embeddable":true,"href":"https:\/\/canaryvip.com\/pl\/wp-json\/wp\/v2\/categories?post=9697"},{"taxonomy":"post_tag","embeddable":true,"href":"https:\/\/canaryvip.com\/pl\/wp-json\/wp\/v2\/tags?post=9697"}],"curies":[{"name":"wp","href":"https:\/\/api.w.org\/{rel}","templated":true}]}}