{"id":10686,"date":"2024-04-22T04:02:19","date_gmt":"2024-04-22T03:02:19","guid":{"rendered":"https:\/\/canaryvip.com\/?p=10686"},"modified":"2026-04-11T23:57:07","modified_gmt":"2026-04-11T22:57:07","slug":"tenerifes-microclimates-packing-for-every-season","status":"publish","type":"post","link":"https:\/\/canaryvip.com\/lt\/tenerifes-microclimates-packing-for-every-season\/","title":{"rendered":"Tenerif\u0117s mikroklimatas ir k\u0105 susipakuoti: m\u0117nesio vadovas (atnaujinta 2026 m.)"},"content":{"rendered":"<p><img decoding=\"async\" class=\"alignnone wp-image-9571\" src=\"https:\/\/canaryvip.com\/wp-content\/uploads\/2024\/02\/tenerife-943595_1920-300x210.jpg\" alt=\"Tenerif\u0117s mikroklimatas pakavimo vadovas oras\" width=\"800\" height=\"560\" title=\"\" srcset=\"https:\/\/canaryvip.com\/wp-content\/uploads\/2024\/02\/tenerife-943595_1920-300x210.jpg 300w, https:\/\/canaryvip.com\/wp-content\/uploads\/2024\/02\/tenerife-943595_1920-1024x717.jpg 1024w, https:\/\/canaryvip.com\/wp-content\/uploads\/2024\/02\/tenerife-943595_1920-18x12.jpg 18w, https:\/\/canaryvip.com\/wp-content\/uploads\/2024\/02\/tenerife-943595_1920-1536x1075.jpg 1536w, https:\/\/canaryvip.com\/wp-content\/uploads\/2024\/02\/tenerife-943595_1920-600x420.jpg 600w, https:\/\/canaryvip.com\/wp-content\/uploads\/2024\/02\/tenerife-943595_1920.jpg 1543w\" sizes=\"(max-width: 800px) 100vw, 800px\" \/><\/p>\n<div id=\"ez-toc-container\" class=\"ez-toc-v2_0_82_2 counter-hierarchy ez-toc-counter ez-toc-custom ez-toc-container-direction\">\n<div class=\"ez-toc-title-container\">\n<p class=\"ez-toc-title\" style=\"cursor:inherit\">Turinys<\/p>\n<span class=\"ez-toc-title-toggle\"><a href=\"#\" class=\"ez-toc-pull-right ez-toc-btn ez-toc-btn-xs ez-toc-btn-default ez-toc-toggle\" aria-label=\"Perjungti turinio lentel\u0119\"><span class=\"ez-toc-js-icon-con\"><span class=\"\"><span class=\"eztoc-hide\" style=\"display:none;\">Perjungti<\/span><span class=\"ez-toc-icon-toggle-span\"><svg style=\"fill: #0a0000;color:#0a0000\" xmlns=\"http:\/\/www.w3.org\/2000\/svg\" class=\"list-377408\" width=\"20px\" height=\"20px\" viewbox=\"0 0 24 24\" fill=\"none\"><path d=\"M6 6H4v2h2V6zm14 0H8v2h12V6zM4 11h2v2H4v-2zm16 0H8v2h12v-2zM4 16h2v2H4v-2zm16 0H8v2h12v-2z\" fill=\"currentColor\"><\/path><\/svg><svg style=\"fill: #0a0000;color:#0a0000\" class=\"arrow-unsorted-368013\" xmlns=\"http:\/\/www.w3.org\/2000\/svg\" width=\"10px\" height=\"10px\" viewbox=\"0 0 24 24\" version=\"1.2\" baseprofile=\"tiny\"><path d=\"M18.2 9.3l-6.2-6.3-6.2 6.3c-.2.2-.3.4-.3.7s.1.5.3.7c.2.2.4.3.7.3h11c.3 0 .5-.1.7-.3.2-.2.3-.5.3-.7s-.1-.5-.3-.7zM5.8 14.7l6.2 6.3 6.2-6.3c.2-.2.3-.5.3-.7s-.1-.5-.3-.7c-.2-.2-.4-.3-.7-.3h-11c-.3 0-.5.1-.7.3-.2.2-.3.5-.3.7s.1.5.3.7z\"\/><\/svg><\/span><\/span><\/span><\/a><\/span><\/div>\n<nav><ul class='ez-toc-list ez-toc-list-level-1' ><li class='ez-toc-page-1 ez-toc-heading-level-2'><a class=\"ez-toc-link ez-toc-heading-1\" href=\"https:\/\/canaryvip.com\/lt\/tenerifes-microclimates-packing-for-every-season\/#Tenerife_microclimates_and_what_to_pack_a_month-by-month_guide\" >Tenerif\u0117s mikroklimatas ir k\u0105 susipakuoti: m\u0117nesio vadovas<\/a><ul class='ez-toc-list-level-3' ><li class='ez-toc-heading-level-3'><a class=\"ez-toc-link ez-toc-heading-2\" href=\"https:\/\/canaryvip.com\/lt\/tenerifes-microclimates-packing-for-every-season\/#Why_Tenerife_has_microclimates\" >Kod\u0117l Tenerif\u0117je yra mikroklimatas<\/a><\/li><li class='ez-toc-page-1 ez-toc-heading-level-3'><a class=\"ez-toc-link ez-toc-heading-3\" href=\"https:\/\/canaryvip.com\/lt\/tenerifes-microclimates-packing-for-every-season\/#Tenerife_temperatures_by_month_south_and_north\" >Temperat\u016bra Tenerif\u0117je pagal m\u0117nesius (pietuose ir \u0161iaur\u0117je)<\/a><\/li><li class='ez-toc-page-1 ez-toc-heading-level-3'><a class=\"ez-toc-link ez-toc-heading-4\" href=\"https:\/\/canaryvip.com\/lt\/tenerifes-microclimates-packing-for-every-season\/#What_to_pack_for_Tenerife_the_always-bring_list\" >K\u0105 susipakuoti \u012f Tenerif\u0119: visada atsive\u017eam\u0173 daikt\u0173 s\u0105ra\u0161as<\/a><\/li><li class='ez-toc-page-1 ez-toc-heading-level-3'><a class=\"ez-toc-link ez-toc-heading-5\" href=\"https:\/\/canaryvip.com\/lt\/tenerifes-microclimates-packing-for-every-season\/#What_to_pack_for_Tenerife_by_month\" >K\u0105 susipakuoti \u012f Tenerif\u0119 pagal m\u0117nesius<\/a><ul class='ez-toc-list-level-4' ><li class='ez-toc-heading-level-4'><a class=\"ez-toc-link ez-toc-heading-6\" href=\"https:\/\/canaryvip.com\/lt\/tenerifes-microclimates-packing-for-every-season\/#What_to_wear_in_Tenerife_in_January_and_February\" >K\u0105 d\u0117v\u0117ti Tenerif\u0117je sausio ir vasario m\u0117nesiais<\/a><\/li><li class='ez-toc-page-1 ez-toc-heading-level-4'><a class=\"ez-toc-link ez-toc-heading-7\" href=\"https:\/\/canaryvip.com\/lt\/tenerifes-microclimates-packing-for-every-season\/#What_to_wear_in_Tenerife_in_March\" >K\u0105 d\u0117v\u0117ti Tenerif\u0117je kovo m\u0117nes\u012f<\/a><\/li><li class='ez-toc-page-1 ez-toc-heading-level-4'><a class=\"ez-toc-link ez-toc-heading-8\" href=\"https:\/\/canaryvip.com\/lt\/tenerifes-microclimates-packing-for-every-season\/#What_to_wear_in_Tenerife_in_April\" >K\u0105 d\u0117v\u0117ti Tenerif\u0117je baland\u017eio m\u0117nes\u012f<\/a><\/li><li class='ez-toc-page-1 ez-toc-heading-level-4'><a class=\"ez-toc-link ez-toc-heading-9\" href=\"https:\/\/canaryvip.com\/lt\/tenerifes-microclimates-packing-for-every-season\/#What_to_wear_in_Tenerife_in_May\" >K\u0105 d\u0117v\u0117ti Tenerif\u0117je gegu\u017e\u0117s m\u0117nes\u012f<\/a><\/li><li class='ez-toc-page-1 ez-toc-heading-level-4'><a class=\"ez-toc-link ez-toc-heading-10\" href=\"https:\/\/canaryvip.com\/lt\/tenerifes-microclimates-packing-for-every-season\/#What_to_wear_in_Tenerife_in_June_July_August\" >K\u0105 d\u0117v\u0117ti Tenerif\u0117je bir\u017eelio, liepos ir rugpj\u016b\u010dio m\u0117nesiais<\/a><\/li><li class='ez-toc-page-1 ez-toc-heading-level-4'><a class=\"ez-toc-link ez-toc-heading-11\" href=\"https:\/\/canaryvip.com\/lt\/tenerifes-microclimates-packing-for-every-season\/#What_to_wear_in_Tenerife_in_September_and_October\" >K\u0105 d\u0117v\u0117ti Tenerif\u0117je rugs\u0117jo ir spalio m\u0117nesiais<\/a><\/li><li class='ez-toc-page-1 ez-toc-heading-level-4'><a class=\"ez-toc-link ez-toc-heading-12\" href=\"https:\/\/canaryvip.com\/lt\/tenerifes-microclimates-packing-for-every-season\/#What_to_wear_in_Tenerife_in_November\" >K\u0105 d\u0117v\u0117ti Tenerif\u0117je lapkri\u010dio m\u0117nes\u012f<\/a><\/li><li class='ez-toc-page-1 ez-toc-heading-level-4'><a class=\"ez-toc-link ez-toc-heading-13\" href=\"https:\/\/canaryvip.com\/lt\/tenerifes-microclimates-packing-for-every-season\/#What_to_wear_in_Tenerife_in_December\" >K\u0105 d\u0117v\u0117ti Tenerif\u0117je gruod\u017eio m\u0117nes\u012f<\/a><\/li><\/ul><\/li><li class='ez-toc-page-1 ez-toc-heading-level-3'><a class=\"ez-toc-link ez-toc-heading-14\" href=\"https:\/\/canaryvip.com\/lt\/tenerifes-microclimates-packing-for-every-season\/#Packing_for_Teide_dont_underestimate_the_mountain\" >Pakuot\u0117 \u012f Teid\u0119: nenuvertinkite kalno<\/a><\/li><li class='ez-toc-page-1 ez-toc-heading-level-3'><a class=\"ez-toc-link ez-toc-heading-15\" href=\"https:\/\/canaryvip.com\/lt\/tenerifes-microclimates-packing-for-every-season\/#Can_you_swim_in_Tenerife_year-round\" >Ar Tenerif\u0117je galima maudytis i\u0161tisus metus?<\/a><\/li><li class='ez-toc-page-1 ez-toc-heading-level-3'><a class=\"ez-toc-link ez-toc-heading-16\" href=\"https:\/\/canaryvip.com\/lt\/tenerifes-microclimates-packing-for-every-season\/#North_vs_south_how_packing_differs\" >\u0160iaur\u0117 ir piet\u016bs: kaip skiriasi pakavimas<\/a><\/li><li class='ez-toc-page-1 ez-toc-heading-level-3'><a class=\"ez-toc-link ez-toc-heading-17\" href=\"https:\/\/canaryvip.com\/lt\/tenerifes-microclimates-packing-for-every-season\/#Tenerife_packing_FAQ\" >DUK apie pakavim\u0105 Tenerif\u0117je<\/a><\/li><\/ul><\/li><li class='ez-toc-page-1 ez-toc-heading-level-2'><a class=\"ez-toc-link ez-toc-heading-18\" href=\"https:\/\/canaryvip.com\/lt\/tenerifes-microclimates-packing-for-every-season\/#Planning_your_Tenerife_trip\" >Kelion\u0117s \u012f Tenerif\u0119 planavimas<\/a><\/li><\/ul><\/nav><\/div>\n<h2><span class=\"ez-toc-section\" id=\"Tenerife_microclimates_and_what_to_pack_a_month-by-month_guide\"><\/span>Tenerif\u0117s mikroklimatas ir k\u0105 susipakuoti: m\u0117nesio vadovas<span class=\"ez-toc-section-end\"><\/span><\/h2>\n<p>Tenerif\u0117 yra nedidel\u0117 sala, kurioje yra penkios skirtingos klimato zonos. I\u0161 Kosta Adech\u0117s papl\u016bdimio galite i\u0161eiti \u0161vie\u010diant 24 \u00b0C saulei, o po valandos atvykti \u012f Teid\u0117s kalno vir\u0161\u016bn\u0119, kai temperat\u016bra beveik minusin\u0117, o ant \u017eem\u0117s - sniegas. T\u0105 pa\u010di\u0105 dien\u0105. \u0160tai k\u0105 \u017emon\u0117s turi omenyje sakydami \"Tenerif\u0117s mikroklimatas\", ir tai yra vienintelis dalykas, d\u0117l kurio Tenerif\u0117 skiriasi nuo bet kurios kitos Ispanijos ar Vidur\u017eemio j\u016bros regiono vietos.<\/p>\n<p>\u0160iame vadove rasite informacij\u0105 apie tai, k\u0105 reikia susipakuoti \u012f Tenerif\u0119 pagal m\u0117nesius, koki\u0105 temperat\u016br\u0105 teks patirti pietuose ir \u0161iaur\u0117je, taip pat konkre\u010dius dalykus, kuriuos dauguma lankytoj\u0173 pamir\u0161ta.<\/p>\n<h3><span class=\"ez-toc-section\" id=\"Why_Tenerife_has_microclimates\"><\/span>Kod\u0117l Tenerif\u0117je yra mikroklimatas<span class=\"ez-toc-section-end\"><\/span><\/h3>\n<p><img decoding=\"async\" class=\"alignnone wp-image-10665\" src=\"https:\/\/canaryvip.com\/wp-content\/uploads\/2024\/03\/21656249-300x225.jpg\" alt=\"Tenerif\u0117s mikroklimatas \u0161iaur\u0117 piet\u016bs Teid\u0117\" width=\"800\" height=\"600\" title=\"\" srcset=\"https:\/\/canaryvip.com\/wp-content\/uploads\/2024\/03\/21656249-300x225.jpg 300w, https:\/\/canaryvip.com\/wp-content\/uploads\/2024\/03\/21656249-1024x768.jpg 1024w, https:\/\/canaryvip.com\/wp-content\/uploads\/2024\/03\/21656249-16x12.jpg 16w, https:\/\/canaryvip.com\/wp-content\/uploads\/2024\/03\/21656249.jpg 1440w, https:\/\/canaryvip.com\/wp-content\/uploads\/2024\/03\/21656249-600x450.jpg 600w\" sizes=\"(max-width: 800px) 100vw, 800px\" \/><\/p>\n<p>Tenerif\u0117 yra Atlanto vandenyne, Sacharos platumoje, ta\u010diau klimatas \u010dia daug \u0161velnesnis, nei galima numanyti. Mikroklimat\u0105 lemia trys dalykai:<\/p>\n<p><strong>Teid\u0117s kalnas.<\/strong> Auk\u0161\u010diausia Ispanijos vir\u0161ukaln\u0117, kurios auk\u0161tis siekia 3718 m, sudaro salos viduryje esan\u010di\u0105 sien\u0105. \u0160iaur\u0117s ryt\u0173 pasatai pu\u010dia \u012f \u0161iaur\u0119, ver\u017eiasi auk\u0161tyn, o \u0161iaurin\u0117je pakrant\u0117je debes\u0173 ir retkar\u010diais lietaus pavidalu i\u0161pila dr\u0117gm\u0119. Pietuose, u\u017e Teid\u0117s esan\u010diame lietaus \u0161e\u0161\u0117lyje, b\u016bna sausa ir saul\u0117ta.<\/p>\n<p><strong>Kanar\u0173 srov\u0117.<\/strong> \u0160alia sal\u0173 tekanti v\u0117si Atlanto vandenyno srov\u0117 net ir vasar\u0105 pakrant\u0117je palaiko vidutin\u0119 temperat\u016br\u0105. D\u0117l jos j\u016bra taip pat yra v\u0117sesn\u0117, nei galima tik\u0117tis d\u0117l \u0161ios platumos.<\/p>\n<p><strong>Auk\u0161tis.<\/strong> Salos auk\u0161tis nuo j\u016bros lygio iki 3718 metr\u0173 siekia apie 25 kilometrus. Temperat\u016bra nukrenta ma\u017edaug 6 \u00b0C kas 1 000 metr\u0173 auk\u0161\u010dio. Taigi, jei pakrant\u0117je 22 \u00b0C, Teid\u0117s vir\u0161ukaln\u0117je yra apie 0 \u00b0C.<\/p>\n<p>Rezultatas: pietin\u0117je Tenerif\u0117je (Kosta Adech\u0117, Playa de las Americas, Los Cristianos, El Medano) nuolat b\u016bna nuo 2 iki 5 \u00b0C \u0161il\u010diau ir gerokai sausiau nei \u0161iaurin\u0117je Tenerif\u0117je (Puerto de la Cruz, La Orotava, La Laguna). O Teid\u0117 yra atskiras pasaulis.<\/p>\n<h3><span class=\"ez-toc-section\" id=\"Tenerife_temperatures_by_month_south_and_north\"><\/span>Temperat\u016bra Tenerif\u0117je pagal m\u0117nesius (pietuose ir \u0161iaur\u0117je)<span class=\"ez-toc-section-end\"><\/span><\/h3>\n<p><img decoding=\"async\" class=\"alignnone wp-image-10663\" src=\"https:\/\/canaryvip.com\/wp-content\/uploads\/2024\/03\/2569-300x169.jpg\" alt=\"Tenerif\u0117s temperat\u016bra pagal m\u0117nesius diagrama\" width=\"800\" height=\"450\" title=\"\" srcset=\"https:\/\/canaryvip.com\/wp-content\/uploads\/2024\/03\/2569-300x169.jpg 300w, https:\/\/canaryvip.com\/wp-content\/uploads\/2024\/03\/2569-1024x576.jpg 1024w, https:\/\/canaryvip.com\/wp-content\/uploads\/2024\/03\/2569-18x10.jpg 18w, https:\/\/canaryvip.com\/wp-content\/uploads\/2024\/03\/2569-1536x864.jpg 1536w, https:\/\/canaryvip.com\/wp-content\/uploads\/2024\/03\/2569-600x338.jpg 600w, https:\/\/canaryvip.com\/wp-content\/uploads\/2024\/03\/2569.jpg 1920w\" sizes=\"(max-width: 800px) 100vw, 800px\" \/><\/p>\n<p>Vidutin\u0117 dienos temperat\u016bra (auk\u0161ta) pietuose ir \u0161iaur\u0117je. J\u016bros temperat\u016bra yra visos salos vidurkis.<\/p>\n<p><strong>Sausio m\u0117n:<\/strong> Piet\u0173 21\u00b0C, \u0161iaur\u0117s 19\u00b0C. J\u016bra 19\u00b0C. V\u0117siausias m\u0117nuo.<br \/>\n<strong>Vasario m\u0117n:<\/strong> Piet\u0173 21\u00b0C, \u0161iaur\u0117s 19\u00b0C. J\u016bra 19\u00b0C.<br \/>\n<strong>Kovo m\u0117n:<\/strong> Piet\u0173 22\u00b0C, \u0161iaur\u0117s 20\u00b0C. J\u016bra 19\u00b0C.<br \/>\n<strong>Baland\u017eio m\u0117n:<\/strong> Piet\u0173 23\u00b0C, \u0161iaur\u0117s 21\u00b0C. J\u016bra 19-20 \u00b0C.<br \/>\n<strong>Gegu\u017e\u0117s m\u0117n:<\/strong> Piet\u0173 24\u00b0C, \u0161iaur\u0117s 22\u00b0C. J\u016bra 20\u00b0C.<br \/>\n<strong>Bir\u017eelio m\u0117n:<\/strong> Piet\u0173 26\u00b0C, \u0161iaur\u0117s 23\u00b0C. J\u016bra 21\u00b0C.<br \/>\n<strong>Liepos m\u0117n:<\/strong> Piet\u0173 28\u00b0C, \u0161iaur\u0117s 26\u00b0C. J\u016bra 22\u00b0C.<br \/>\n<strong>Rugpj\u016b\u010dio m\u0117n:<\/strong> Piet\u0173 29\u00b0C, \u0161iaur\u0117s 27\u00b0C. J\u016bra 23\u00b0C. Kar\u0161\u010diausias m\u0117nuo.<br \/>\n<strong>Rugs\u0117jis:<\/strong> Piet\u0173 28\u00b0C, \u0161iaur\u0117s 26\u00b0C. J\u016bra 23-24\u00b0C. \u0160il\u010diausia j\u016bra.<br \/>\n<strong>Spalio m\u0117n:<\/strong> Piet\u0173 26\u00b0C, \u0161iaur\u0117s 24\u00b0C. J\u016bra 23\u00b0C.<br \/>\n<strong>Lapkri\u010dio m\u0117n:<\/strong> Piet\u0173 24\u00b0C, \u0161iaur\u0117s 22\u00b0C. J\u016bra 21\u00b0C.<br \/>\n<strong>Gruod\u017eio m\u0117n:<\/strong> Piet\u0173 22\u00b0C, \u0161iaur\u0117s 20\u00b0C. J\u016bra 20\u00b0C.<\/p>\n<p>Nakties temperat\u016bra paprastai b\u016bna 5-8 \u00b0C \u017eemesn\u0117. \u0160al\u010diausia vieta saloje yra ne \u0161iaurin\u0117 pakrant\u0117, o Teid\u0117s regionas, kur \u017eiemos naktimis temperat\u016bra gali nukristi \u017eemiau nulio.<\/p>\n<h3><span class=\"ez-toc-section\" id=\"What_to_pack_for_Tenerife_the_always-bring_list\"><\/span>K\u0105 susipakuoti \u012f Tenerif\u0119: visada atsive\u017eam\u0173 daikt\u0173 s\u0105ra\u0161as<span class=\"ez-toc-section-end\"><\/span><\/h3>\n<p>Nepriklausomai nuo to, kada lankot\u0117s, juos \u012fsimeskite \u012f lagamin\u0105:<\/p>\n<p><strong>Apsauginis kremas nuo saul\u0117s (ma\u017eiausiai SPF 30, geriausia 50).<\/strong> Tenerif\u0117 yra Sacharos platumoje. Ultravioletiniai spinduliai stipr\u016bs i\u0161tisus metus, net ir debesuotomis dienomis. Da\u017eniausia atostog\u0173 problema \u010dia - nudegimai saul\u0117je. \u012esigykite i\u0161 anksto, nes saloje jos brangios.<\/p>\n<p><strong>Akiniai nuo saul\u0117s.<\/strong> Ta pati prie\u017eastis.<\/p>\n<p><strong>Skryb\u0117l\u0117.<\/strong> Ta pati prie\u017eastis.<\/p>\n<p><strong>Patog\u016bs vaik\u0161\u010diojimo bateliai arba sportba\u010diai.<\/strong> Net jei planuojate tik papl\u016bdimio dienas, teks vaik\u0161\u010dioti grindiniu, lavos uolienomis ar nelygiomis gatv\u0117mis. \u0160lepe\u010di\u0173 nepakanka.<\/p>\n<p><strong>Lengva striuk\u0117 arba vilnon\u0117 striuk\u0117.<\/strong> Net ir rugpj\u016b\u010dio m\u0117nes\u012f vakarai pakrant\u0117je gali b\u016bti v\u0117s\u016bs, ypa\u010d pu\u010diant v\u0117jui. \u017diem\u0105 \u0161iaur\u0117je ir Teid\u0117je jo nor\u0117sis dien\u0105.<\/p>\n<p><strong>Maudymosi kostium\u0117liai.<\/strong> Visus metus. J\u016broje galima maudytis kiekvien\u0105 m\u0117nes\u012f, jei nesate i\u0161rank\u016bs \u0161al\u010diui.<\/p>\n<p><strong>Dienos kuprin\u0117.<\/strong> Vandeniui, apsauginiam kremui nuo saul\u0117s, sluoksniams ir u\u017ekand\u017eiams ne\u0161iotis dienos kelion\u0117se.<\/p>\n<p><strong>Daugkartinio naudojimo vandens buteliukas.<\/strong> Vandentiekio vanduo Tenerif\u0117je yra techni\u0161kai saugus, ta\u010diau daugelyje vietovi\u0173 jo skonis blogas. Dauguma vietini\u0173 gyventoj\u0173 geria i\u0161pilstyt\u0105 \u012f butelius. Jei rasite pripildymo punkt\u0105, sutaupysite plastiko.<\/p>\n<p><strong>Maitinimo adapteris (C\/F tipo, ES ki\u0161tukas).<\/strong> Standartin\u0117 europieti\u0161ka, tokia pati kaip \u017eemynin\u0117je Ispanijoje.<\/p>\n<p><strong>Kelioni\u0173 draudimas.<\/strong> Ypa\u010d jei keliaujate p\u0117s\u010diomis arba u\u017esiimate vandens sportu.<\/p>\n<h3><span class=\"ez-toc-section\" id=\"What_to_pack_for_Tenerife_by_month\"><\/span>K\u0105 susipakuoti \u012f Tenerif\u0119 pagal m\u0117nesius<span class=\"ez-toc-section-end\"><\/span><\/h3>\n<h4><strong><img decoding=\"async\" class=\"alignnone wp-image-17130\" src=\"https:\/\/canaryvip.com\/wp-content\/uploads\/2024\/04\/tenerifepacking.webp\" alt=\"Tenerif\u0117s mikroklimatas ir k\u0105 susipakuoti: m\u0117nesio vadovas\" width=\"800\" height=\"447\" title=\"\" srcset=\"https:\/\/canaryvip.com\/wp-content\/uploads\/2024\/04\/tenerifepacking.webp 1376w, https:\/\/canaryvip.com\/wp-content\/uploads\/2024\/04\/tenerifepacking-300x167.webp 300w, https:\/\/canaryvip.com\/wp-content\/uploads\/2024\/04\/tenerifepacking-1024x572.webp 1024w, https:\/\/canaryvip.com\/wp-content\/uploads\/2024\/04\/tenerifepacking-18x10.webp 18w, https:\/\/canaryvip.com\/wp-content\/uploads\/2024\/04\/tenerifepacking-600x335.webp 600w\" sizes=\"(max-width: 800px) 100vw, 800px\" \/><\/strong><\/h4>\n<h4><span class=\"ez-toc-section\" id=\"What_to_wear_in_Tenerife_in_January_and_February\"><\/span><strong>K\u0105 d\u0117v\u0117ti Tenerif\u0117je sausio ir vasario m\u0117nesiais<\/strong><span class=\"ez-toc-section-end\"><\/span><\/h4>\n<p>Patys \u0161auniausi m\u0117nesiai. Auk\u0161\u010diausia dienos temperat\u016bra apie 21\u00b0C pietuose, 19\u00b0C \u0161iaur\u0117je. Naktimis pakrant\u0117je temperat\u016bra nukrenta iki 12-15 \u00b0C, o auk\u0161tai vir\u0161 j\u016bros lygio - iki 5 \u00b0C. Pakuot\u0117:<\/p>\n<p>- Lengvi sluoksniai: mar\u0161kin\u0117liai, mar\u0161kiniai ilgomis rankov\u0117mis, lengvi megztiniai<br \/>\n- Tinkama striuk\u0117 (ne tik v\u0117jo striuk\u0117) vakarais ir \u0161iaur\u0117je<br \/>\n- Ilgos keln\u0117s ir d\u017einsai<br \/>\n- \u0160ortai (bus \u0161ilt\u0173 dien\u0173)<br \/>\n- U\u017edari batai arba sportba\u010diai<br \/>\n- Vienas maudymosi kostium\u0117li\u0173 komplektas (j\u016bra 19\u00b0C, v\u0117soka, bet galima)<br \/>\n- Sk\u0117tis arba lengvas lietpaltis, jei keliaujate \u012f \u0161iaur\u0119<br \/>\n- \u0160ilti sluoksniai, jei vykstate \u012f Teid\u0119 (gali snigti).<\/p>\n<p>\u0160iaur\u0117s Europos gyventojams tai \u017eiemos saul\u0117s teritorija, bet ne vasara. Nesusipakuokite daikt\u0173 taip, tarsi vyktum\u0117te \u012f Graikij\u0105 rugpj\u016bt\u012f.<\/p>\n<h4><span class=\"ez-toc-section\" id=\"What_to_wear_in_Tenerife_in_March\"><\/span><strong>K\u0105 d\u0117v\u0117ti Tenerif\u0117je kovo m\u0117nes\u012f<\/strong><span class=\"ez-toc-section-end\"><\/span><\/h4>\n<p>\u0160iek tiek \u0161il\u010diau. Auk\u0161\u010diausia temperat\u016bra dien\u0105 apie 22-23 \u00b0C pietuose, 20-21 \u00b0C \u0161iaur\u0117je. Kalv\u0173 \u0161laituose pradeda dygti laukin\u0117s g\u0117l\u0117s. Tokia pati pakuot\u0117 kaip ir saus\u012f bei vasar\u012f, bet daugiau \u0161ort\u0173 ir mar\u0161kin\u0117li\u0173.<\/p>\n<h4><span class=\"ez-toc-section\" id=\"What_to_wear_in_Tenerife_in_April\"><\/span><strong>K\u0105 d\u0117v\u0117ti Tenerif\u0117je baland\u017eio m\u0117nes\u012f<\/strong><span class=\"ez-toc-section-end\"><\/span><\/h4>\n<p>Pavasaris \u012fsib\u0117g\u0117ja. Piet\u0173 pakrant\u0117je dien\u0105 temperat\u016bra siekia 23-25 \u00b0C, j\u016broje - apie 19-20 \u00b0C (vis dar v\u0117su, bet daug\u0117ja plaukik\u0173). Pakuot\u0117:<\/p>\n<p>- Mar\u0161kin\u0117liai ir \u0161ortai dienai<br \/>\n- Lengvi drabu\u017eiai ilgomis rankov\u0117mis vakarams<br \/>\n- Viena lengva striuk\u0117 arba d\u017eemperis su gobtuvu<br \/>\n- Sportba\u010diai arba sandalai<br \/>\n- Maudymosi kostium\u0117liai<br \/>\n- Apsauginis kremas nuo saul\u0117s, skryb\u0117l\u0117, akiniai nuo saul\u0117s<br \/>\n- Lengva lietaus striuk\u0117, jei vykstate \u012f \u0161iaur\u0119<\/p>\n<p>Balandis yra vienas i\u0161 labiausiai subalansuot\u0173 m\u0117nesi\u0173, kai reikia susikrauti daiktus: pakankamai \u0161iltas, kad gal\u0117tum\u0117te d\u0117v\u0117ti papl\u016bdimio reikmenis, ir pakankamai v\u0117sus, kad vis tiek reik\u0117t\u0173 sluoksni\u0173.<\/p>\n<h4><span class=\"ez-toc-section\" id=\"What_to_wear_in_Tenerife_in_May\"><\/span><strong>K\u0105 d\u0117v\u0117ti Tenerif\u0117je gegu\u017e\u0117s m\u0117nes\u012f<\/strong><span class=\"ez-toc-section-end\"><\/span><\/h4>\n<p>\u0160ilta ir ramu. Auk\u0161\u010diausia temperat\u016bra pietuose - 24 \u00b0C, \u0161iaur\u0117je - 22-23 \u00b0C. J\u016bra \u012f\u0161ils iki 20\u00b0C. Pakuokite daugiausia vasarinius drabu\u017eius su vienu lengvu sluoksniu vakarams. Lietus pasitaiko retai. Vienas geriausi\u0173 m\u0117nesi\u0173 beveik bet kokiai kelionei.<\/p>\n<h4><span class=\"ez-toc-section\" id=\"What_to_wear_in_Tenerife_in_June_July_August\"><\/span><strong>K\u0105 d\u0117v\u0117ti Tenerif\u0117je bir\u017eelio, liepos ir rugpj\u016b\u010dio m\u0117nesiais<\/strong><span class=\"ez-toc-section-end\"><\/span><\/h4>\n<p><img decoding=\"async\" class=\"alignnone wp-image-10741\" src=\"https:\/\/canaryvip.com\/wp-content\/uploads\/2024\/03\/22879-300x200.jpg\" alt=\"Tenerif\u0117s vasaros pakavimo papl\u016bdimys\" width=\"800\" height=\"534\" title=\"\" srcset=\"https:\/\/canaryvip.com\/wp-content\/uploads\/2024\/03\/22879-300x200.jpg 300w, https:\/\/canaryvip.com\/wp-content\/uploads\/2024\/03\/22879-1024x683.jpg 1024w, https:\/\/canaryvip.com\/wp-content\/uploads\/2024\/03\/22879-18x12.jpg 18w, https:\/\/canaryvip.com\/wp-content\/uploads\/2024\/03\/22879-1536x1025.jpg 1536w, https:\/\/canaryvip.com\/wp-content\/uploads\/2024\/03\/22879-600x400.jpg 600w, https:\/\/canaryvip.com\/wp-content\/uploads\/2024\/03\/22879.jpg 1619w\" sizes=\"(max-width: 800px) 100vw, 800px\" \/><\/p>\n<p>Vasara. Auk\u0161\u010diausia temperat\u016bra 26-29 \u00b0C pietuose, 23-27 \u00b0C \u0161iaur\u0117je. J\u016bra 21-23\u00b0C. Pakuot\u0117:<\/p>\n<p>- Lengvi, orui pralaid\u016bs vasariniai drabu\u017eiai (medvilniniai, lininiai)<br \/>\n- Maudymosi kostium\u0117liai (keli komplektai, jei vandenyje b\u016bsite kasdien)<br \/>\n- \u0160ortai, suknel\u0117s, mar\u0161kin\u0117liai<br \/>\n- Vienas lengvas sluoksnis, skirtas oro kondicionavimui patalpose ir vakariniam v\u0117jui<br \/>\n- Sandalai, \u0161lepet\u0117s ir sportba\u010diai ekskursijoms<br \/>\n- Stiprus apsauginis kremas nuo saul\u0117s (SPF 50)<br \/>\n- Skryb\u0117l\u0117, akiniai nuo saul\u0117s, papl\u016bdimio krep\u0161ys<br \/>\n- Jei nardote, naudokite apsaugin\u012f krem\u0105 nuo saul\u0117s nuo rif\u0173.<\/p>\n<p>Atkreipkite d\u0117mes\u012f: net ir rugpj\u016b\u010dio m\u0117nes\u012f vakarais pakrant\u0117je temperat\u016bra gali nukristi iki 19 ar 20 \u00b0C. Lengvas megztinis ar d\u017eemperis su gobtuvu pravers vakarieniaujant lauke.<\/p>\n<p>Jei rugpj\u016bt\u012f u\u017eklups kalima (Sacharos dulki\u0173 rei\u0161kinys), temperat\u016bra gali b\u016bti 5-8 \u00b0C auk\u0161tesn\u0117 nei \u012fprastai, o matomumas suma\u017e\u0117s. D\u0117l to nieko nereikia pakuotis, bet tik\u0117kit\u0117s, kad tai gali nutikti vien\u0105 ar dvi dienas.<\/p>\n<h4><span class=\"ez-toc-section\" id=\"What_to_wear_in_Tenerife_in_September_and_October\"><\/span><strong>K\u0105 d\u0117v\u0117ti Tenerif\u0117je rugs\u0117jo ir spalio m\u0117nesiais<\/strong><span class=\"ez-toc-section-end\"><\/span><\/h4>\n<p>Vis dar \u0161ilta. Rugs\u0117jo m\u0117nes\u012f (\u0161il\u010diausias met\u0173 maudymasis) j\u016bra pasiekia auk\u0161\u010diausi\u0105 metin\u0119 temperat\u016br\u0105 - 23-24 \u00b0C. Dien\u0105 pietuose vyrauja 26-28 \u00b0C temperat\u016bra. Pakuot\u0117 tokia pati kaip vasar\u0105, ta\u010diau spalio m\u0117nes\u012f pradeda patikimiau reik\u0117ti vakarinio sluoksnio. Spalio pabaigoje \u0161iaur\u0117je lietaus tikimyb\u0117 tampa \u0161iek tiek didesn\u0117.<\/p>\n<h4><span class=\"ez-toc-section\" id=\"What_to_wear_in_Tenerife_in_November\"><\/span><strong>K\u0105 d\u0117v\u0117ti Tenerif\u0117je lapkri\u010dio m\u0117nes\u012f<\/strong><span class=\"ez-toc-section-end\"><\/span><\/h4>\n<p>Per\u0117jimas \u012f \u017eiem\u0105. Pietuose daugum\u0105 dien\u0173 vis dar vyrauja 24\u00b0C, o \u0161iaur\u0117je - apie 22\u00b0C. J\u016bra 21\u00b0C. Prasideda dr\u0117gniausia met\u0173 dalis, ta\u010diau \u201cdr\u0117gna\u201d Tenerif\u0117je rei\u0161kia kelias lietingas dienas, daugiausia \u0161iaur\u0117je. Pakuot\u0117:<\/p>\n<p>- Vasaros ir sezono drabu\u017ei\u0173 derinys<br \/>\n- Mar\u0161kin\u0117liai ir \u0161ortai \u0161iltomis dienomis<br \/>\n- V\u0117sesn\u0117mis dienomis - mar\u0161kiniai ilgomis rankov\u0117mis ir lengvos keln\u0117s<br \/>\n- Striuk\u0117 vakarams<br \/>\n- Viena pora sportba\u010di\u0173 ir sandalai<br \/>\n- Maudymosi kostium\u0117liai (vis dar tinkami naudoti)<br \/>\n- Lengvas lietpaltis arba sk\u0117tis<\/p>\n<h4><span class=\"ez-toc-section\" id=\"What_to_wear_in_Tenerife_in_December\"><\/span><strong>K\u0105 d\u0117v\u0117ti Tenerif\u0117je gruod\u017eio m\u0117nes\u012f<\/strong><span class=\"ez-toc-section-end\"><\/span><\/h4>\n<p>\u0160velnus ir malonus, bet v\u0117sesnis. Auk\u0161\u010diausia temperat\u016bra pietuose - 22 \u00b0C, \u0161iaur\u0117je - 20 \u00b0C. Kai kur debesuota. J\u016bra 20\u00b0C. Gruod\u017eio m\u0117nuo vidutini\u0161kai dr\u0117gniausias (apie 56 mm), ta\u010diau lietus koncentruojasi \u0161iaur\u0117je ir i\u0161krinta trumpai. Pakuot\u0117:<\/p>\n<p>- Ilgos keln\u0117s ir d\u017einsai<br \/>\n- Mar\u0161kin\u0117liai ir mar\u0161kin\u0117liai ilgomis rankov\u0117mis<br \/>\n- D\u017eemperis arba vilnonis audinys<br \/>\n- Tinkama striuk\u0117 (ne tik v\u0117jo striuk\u0117)<br \/>\n- U\u017edari batai<br \/>\n- Maudymosi kostium\u0117liai (taip, \u017emon\u0117s maudosi)<br \/>\n- Lengva lietaus striuk\u0117<br \/>\n- \u0160iltas sluoksnis Teide, jei lankot\u0117s<\/p>\n<p>Gruodis \u0161iaur\u0117s europie\u010diams yra \u017eiemos saul\u0117, bet tai ne Karib\u0173 oras. Atsi\u017evelkite \u012f l\u016bkes\u010dius ir atitinkamai susipakuokite daiktus.<\/p>\n<h3><span class=\"ez-toc-section\" id=\"Packing_for_Teide_dont_underestimate_the_mountain\"><\/span>Pakuot\u0117 \u012f Teid\u0119: nenuvertinkite kalno<span class=\"ez-toc-section-end\"><\/span><\/h3>\n<p>Dauguma lankytoj\u0173 suklysta. Teid\u0117je i\u0161tisus metus ma\u017edaug 15-20 \u00b0C v\u0117siau nei pakrant\u0117je. Jei Kosta Adech\u0117je 24 \u00b0C, tai vir\u0161utin\u0117je keltuvo stotyje (3 555 m) yra apie 5-9 \u00b0C. \u017diem\u0105 vir\u0161\u016bn\u0117je gali b\u016bti gerokai \u017eemiau nulio su sniegu.<\/p>\n<p>Jei vykstate \u012f Teid\u0117s nacionalin\u012f park\u0105, pasiimkite:<\/p>\n<p>- Ilgos keln\u0117s<br \/>\n- U\u017edari batai (sportba\u010diai arba \u017eygio batai)<br \/>\n- \u0160iltas megztinis arba vilnonis audinys<br \/>\n- V\u0117jui atspari striuk\u0117<br \/>\n- Skryb\u0117l\u0117 (ypa\u010d vasar\u0105, auk\u0161tai vir\u0161 j\u016bros lygio saul\u0117 yra intensyvi)<br \/>\n- Akiniai nuo saul\u0117s (UV spinduliai ten daug stipresni)<br \/>\n- Apsauginis kremas nuo saul\u0117s (d\u0117l tos pa\u010dios prie\u017easties)<br \/>\n- Vanduo (sausas)<\/p>\n<p>\u017diem\u0105 va\u017eiuodami keltuvu \u012f vir\u0161\u016bn\u0119 u\u017esid\u0117kite kepur\u0119 ir pir\u0161tines. Vir\u0161utin\u0117je stotyje drebantys \u017emon\u0117s su mar\u0161kin\u0117liais ir \u0161ortais - vienas i\u0161 labiausiai nusp\u0117jam\u0173 vaizd\u0173 Tenerif\u0117je.<\/p>\n<p>Tinklalapiui <a href=\"https:\/\/canaryvip.com\/lt\/shop\/stargazing-tenerife-teide-by-night\/\"><strong>\u017evaig\u017ed\u017ei\u0173 steb\u0117jimo turai<\/strong><\/a> vakare apsirenkite taip, tarsi eitum\u0117te slidin\u0117ti. Net vasar\u0105 auk\u0161tumoje nakt\u012f temperat\u016bra b\u016bna apie 5-10 \u00b0C, o nusileidus saulei greitai atv\u0117sta. Dauguma \u017evaig\u017ed\u017ei\u0173 steb\u0117jimo operatori\u0173 apr\u016bpina termo striuk\u0117mis ir kar\u0161tu \u0161okoladu, ta\u010diau po jomis tur\u0117kite savo \u0161iltus sluoksnius.<\/p>\n<h3><span class=\"ez-toc-section\" id=\"Can_you_swim_in_Tenerife_year-round\"><\/span>Ar Tenerif\u0117je galima maudytis i\u0161tisus metus?<span class=\"ez-toc-section-end\"><\/span><\/h3>\n<p>Taip, techni\u0161kai. J\u016bros temperat\u016bra svyruoja nuo 19\u00b0C (sausio-kovo m\u0117n.) iki 24\u00b0C (rugs\u0117jo m\u0117n.). Palyginimui, Jungtin\u0117s Karalyst\u0117s j\u016bros temperat\u016bra \u017eiem\u0105 yra apie 8\u00b0C, o vasar\u0105 - 17\u00b0C. Tenerif\u0117s j\u016bra visada \u0161iltesn\u0117.<\/p>\n<p>Ar asmeni\u0161kai plaukiosite, priklauso nuo j\u016bs\u0173 tolerancijos. 19 \u00b0C temperat\u016bra yra \u017evarbi ir daugumai paprast\u0173 plaukik\u0173 ji bus nemaloni. Vietiniai gyventojai ir nuolatiniai j\u016bros plaukikai maudosi i\u0161tisus metus, da\u017enai be hidrokostiumo. Turistai i\u0161 \u0161iltesni\u0173 \u0161ali\u0173 paprastai laukia, kol j\u016bra taps bent 21\u00b0C (nuo bir\u017eelio m\u0117n.).<\/p>\n<p>Jei lankot\u0117s \u017eiem\u0105 ir b\u016btinai norite maudytis, pietin\u0117je pakrant\u0117je yra \u0161il\u010diau nei \u0161iaurin\u0117je (atokiau, saul\u0117tesn\u0117, ramesn\u0117). Tokie papl\u016bdimiai kaip Playa del Duque ir Playa de las Vistas yra geri maudymosi \u017eiem\u0105 variantai.<\/p>\n<p>Daugumoje kurort\u0173 yra \u0161ildomi baseinai, kuriuose galima maudytis i\u0161tisus metus. <strong>Lago Martianez<\/strong> Puerto de la Cruz komplekse yra s\u016braus vandens baseinai, kuriais galima naudotis bet kuriuo met\u0173 laiku.<\/p>\n<h3><span class=\"ez-toc-section\" id=\"North_vs_south_how_packing_differs\"><\/span>\u0160iaur\u0117 ir piet\u016bs: kaip skiriasi pakavimas<span class=\"ez-toc-section-end\"><\/span><\/h3>\n<p><img decoding=\"async\" class=\"alignnone wp-image-17119\" src=\"https:\/\/canaryvip.com\/wp-content\/uploads\/2024\/06\/wheretostaytenerife.webp\" alt=\"Kur apsistoti Tenerif\u0117je\" width=\"800\" height=\"447\" title=\"\" srcset=\"https:\/\/canaryvip.com\/wp-content\/uploads\/2024\/06\/wheretostaytenerife.webp 1376w, https:\/\/canaryvip.com\/wp-content\/uploads\/2024\/06\/wheretostaytenerife-300x167.webp 300w, https:\/\/canaryvip.com\/wp-content\/uploads\/2024\/06\/wheretostaytenerife-1024x572.webp 1024w, https:\/\/canaryvip.com\/wp-content\/uploads\/2024\/06\/wheretostaytenerife-18x10.webp 18w, https:\/\/canaryvip.com\/wp-content\/uploads\/2024\/06\/wheretostaytenerife-600x335.webp 600w\" sizes=\"(max-width: 800px) 100vw, 800px\" \/><\/p>\n<p>Jei apsistojate <strong>piet\u0173 Tenerif\u0117<\/strong> (Kosta Adech\u0117, Playa de las Americas, Los Cristianos, El Medano):<\/p>\n<p>- Daugiau \u0161ort\u0173, mar\u0161kin\u0117li\u0173, vasarini\u0173 drabu\u017ei\u0173<br \/>\n- Ma\u017eiau lietaus \u012frangos<br \/>\n- \u0160iek tiek ma\u017eiau \u0161ilt\u0173 sluoksni\u0173 (bet vis tiek tur\u0117kite j\u0173)<br \/>\n- Papl\u016bdimio \u012franga naudojama kasdien<\/p>\n<p>Jei apsistojate <strong>\u0161iaurin\u0117 Tenerif\u0117<\/strong> (Puerto de la Cruz, La Orotava, La Laguna, Anaga):<\/p>\n<p>- Daugiau sluoksni\u0173, \u012fskaitant tinkam\u0105 striuk\u0119<br \/>\n- Lengva lietaus striuk\u0117 arba sk\u0117tis, ypa\u010d nuo lapkri\u010dio iki kovo m\u0117n.<br \/>\n- U\u017edari batai da\u017eniau nei sandalai<br \/>\n- papl\u016bdimio reikmenys n\u0117ra tokie b\u016btini (\u0161iaur\u0117je yra ma\u017eiau dideli\u0173 sm\u0117lio papl\u016bdimi\u0173, o j\u016bra audringesn\u0117)<\/p>\n<p>Jei esate <strong>apsilankymas abiejose<\/strong>, susipakuokite daiktus, skirtus \u0161altesnei pusei, o kai b\u016bsite \u0161iltesn\u0117je pus\u0117je, tiesiog palikite sluoksnius.<\/p>\n<h3><span class=\"ez-toc-section\" id=\"Tenerife_packing_FAQ\"><\/span>DUK apie pakavim\u0105 Tenerif\u0117je<span class=\"ez-toc-section-end\"><\/span><\/h3>\n<p><strong>Ar vasar\u0105 Tenerif\u0117je reikia \u0161iltos striuk\u0117s?<\/strong><\/p>\n<p>Vakarais praver\u010dia lengvas sluoksnis. Sunki \u017eiemin\u0117 striuk\u0117 nereikalinga, nebent vykstate \u012f Teid\u0119.<\/p>\n<p><strong>Ar Tenerif\u0117je reikia sk\u0117\u010dio?<\/strong><\/p>\n<p>Pietuose - ne (lietus b\u016bna retai). \u0160iaur\u0117je lapkri\u010dio-kovo m\u0117nesiais verta pasiimti nedidel\u012f sk\u0117t\u012f arba lengv\u0105 lietpalt\u012f.<\/p>\n<p><strong>Ar galiu \u017eiem\u0105 d\u0117v\u0117ti \u0161ortus?<\/strong><\/p>\n<p>Taip, \u0161iltomis dienomis pietuose. Ta\u010diau taip pat pasiimkite ilgas kelnes, nes ne kiekvien\u0105 dien\u0105 bus \u0161ort\u0173 oras.<\/p>\n<p><strong>Koki\u0173 bat\u0173 man reikia?<\/strong><\/p>\n<p>Ma\u017eiausiai: sportba\u010diai arba patog\u016bs vaik\u0161\u010diojimo bateliai ir sandalai arba \u0161lepet\u0117s. Jei ketinate leistis \u012f rimt\u0105 \u017eyg\u012f, av\u0117kite tinkamus \u017eygio batus.<\/p>\n<p><strong>Ar man reikia oficiali\u0173 drabu\u017ei\u0173?<\/strong><\/p>\n<p>Tenerif\u0117 yra ne\u012fpareigojanti. Kurortuose esan\u010diuose restoranuose n\u0117ra aprangos kodo. Prabangiausiose vietose (Kosta Adech\u0117s kurortuose esan\u010diuose \"Michelin\" \u017evaig\u017edut\u0117mis \u012fvertintuose restoranuose, kazino) tikimasi eleganti\u0161ko laisvalaikio stiliaus, bet ne juodos kaklaskar\u0117s.<\/p>\n<p><strong>Koks aprangos kodas papl\u016bdimyje?<\/strong><\/p>\n<p>Papl\u016bdimyje ir papl\u016bdimio baruose galima d\u0117v\u0117ti maudymosi kostium\u0117lius. Deginimasis ant vir\u0161aus yra teis\u0117tas ir \u012fprastas. Tam tikruose papl\u016bdimiuose (Playa de la Tejita papl\u016bdimyje yra dalis, kurioje galima degintis be drabu\u017ei\u0173). U\u017e papl\u016bdimio rib\u0173 prisidenkite: vaik\u0161\u010dioti po kurortus tik su maudymosi kostium\u0117liais nevalia.<\/p>\n<p><strong>Ar Teid\u0117je bus sniego?<\/strong><\/p>\n<p>Galima nuo gruod\u017eio iki baland\u017eio, ypa\u010d sausio ir vasario m\u0117nesiais. I\u0161kritus sniegui, kelias iki keltuvo gali b\u016bti u\u017edarytas vienai ar dviem dienoms. Prie\u0161 va\u017eiuodami patikrinkite s\u0105lygas.<\/p>\n<h2><span class=\"ez-toc-section\" id=\"Planning_your_Tenerife_trip\"><\/span>Kelion\u0117s \u012f Tenerif\u0119 planavimas<span class=\"ez-toc-section-end\"><\/span><\/h2>\n<p>Kad ir kur\u012f m\u0117nes\u012f lankytum\u0117t\u0117s, <a href=\"https:\/\/canaryvip.com\/lt\/\"><strong>CanaryVIP<\/strong><\/a> turi <a href=\"https:\/\/canaryvip.com\/lt\/tenerife\/\">ekskursijos ir veikla visoje Tenerif\u0117je<\/a> su pa\u0117mimu i\u0161 vie\u0161bu\u010dio pietin\u0117s pakrant\u0117s kurortuose. I\u0161 <a href=\"https:\/\/canaryvip.com\/lt\/tenerife\/boat-excursions\/\">bangini\u0173 steb\u0117jimas<\/a> \u012f <a href=\"https:\/\/canaryvip.com\/lt\/tenerife\/water-sports\/\">vandens sportas<\/a>, <a href=\"https:\/\/canaryvip.com\/lt\/shop\/teide-guided-bus-tour\/\">Ekskursijos po Teid\u0119<\/a>, ir <a href=\"https:\/\/canaryvip.com\/lt\/tenerife\/guided-tours\/\">ekskursijos po sal\u0105 su gidu<\/a>.<\/p>\n<p>Daugiau informacijos apie tai, kada apsilankyti, rasite m\u016bs\u0173 <a href=\"https:\/\/canaryvip.com\/lt\/the-best-time-to-visit-tenerife\/\"><strong>geriausio laiko aplankyti Tenerif\u0119 vadovas<\/strong><\/a>. Nor\u0117dami nuspr\u0119sti, kur apsistoti, \u017er. <a href=\"https:\/\/canaryvip.com\/lt\/north-vs-south-tenerife\/\"><strong>\u0161iaurin\u0117s ir pietin\u0117s Tenerif\u0117s palyginimas<\/strong><\/a>.<\/p>\n<p><strong><a href=\"https:\/\/canaryvip.com\/lt\/tenerife\/\">Nar\u0161yti visas ekskursijas Tenerif\u0117je<\/a><\/strong><\/p>","protected":false},"excerpt":{"rendered":"<p>Tenerife microclimates and what to pack: a month-by-month guide Tenerife is a small island with five distinct climate zones. You can leave a beach in Costa Adeje in 24\u00b0C sunshine and arrive at the top of Mount Teide an hour later in near-freezing temperatures with snow on the ground. The same day. This is what&#8230;<\/p>","protected":false},"author":4,"featured_media":10581,"comment_status":"open","ping_status":"closed","sticky":false,"template":"","format":"standard","meta":{"_acf_changed":false,"footnotes":""},"categories":[76],"tags":[87,96],"class_list":["post-10686","post","type-post","status-publish","format-standard","has-post-thumbnail","hentry","category-travel-tips-and-practical-information","tag-tenerife","tag-tenerifes-microclimates"],"acf":[],"_links":{"self":[{"href":"https:\/\/canaryvip.com\/lt\/wp-json\/wp\/v2\/posts\/10686","targetHints":{"allow":["GET"]}}],"collection":[{"href":"https:\/\/canaryvip.com\/lt\/wp-json\/wp\/v2\/posts"}],"about":[{"href":"https:\/\/canaryvip.com\/lt\/wp-json\/wp\/v2\/types\/post"}],"author":[{"embeddable":true,"href":"https:\/\/canaryvip.com\/lt\/wp-json\/wp\/v2\/users\/4"}],"replies":[{"embeddable":true,"href":"https:\/\/canaryvip.com\/lt\/wp-json\/wp\/v2\/comments?post=10686"}],"version-history":[{"count":5,"href":"https:\/\/canaryvip.com\/lt\/wp-json\/wp\/v2\/posts\/10686\/revisions"}],"predecessor-version":[{"id":17131,"href":"https:\/\/canaryvip.com\/lt\/wp-json\/wp\/v2\/posts\/10686\/revisions\/17131"}],"wp:featuredmedia":[{"embeddable":true,"href":"https:\/\/canaryvip.com\/lt\/wp-json\/wp\/v2\/media\/10581"}],"wp:attachment":[{"href":"https:\/\/canaryvip.com\/lt\/wp-json\/wp\/v2\/media?parent=10686"}],"wp:term":[{"taxonomy":"category","embeddable":true,"href":"https:\/\/canaryvip.com\/lt\/wp-json\/wp\/v2\/categories?post=10686"},{"taxonomy":"post_tag","embeddable":true,"href":"https:\/\/canaryvip.com\/lt\/wp-json\/wp\/v2\/tags?post=10686"}],"curies":[{"name":"wp","href":"https:\/\/api.w.org\/{rel}","templated":true}]}}