{"id":11634,"date":"2024-08-07T03:18:15","date_gmt":"2024-08-07T02:18:15","guid":{"rendered":"https:\/\/canaryvip.com\/?p=11634"},"modified":"2026-04-08T21:21:33","modified_gmt":"2026-04-08T20:21:33","slug":"quad-biking-in-tenerife-with-teide-quad-safari","status":"publish","type":"post","link":"https:\/\/canaryvip.com\/hu\/quad-biking-in-tenerife-with-teide-quad-safari\/","title":{"rendered":"Milyen a Quad Biking Tour Tenerif\u00e9n (friss\u00edtve 2026 \u00e1prilis\u00e1ban)"},"content":{"rendered":"<p><img decoding=\"async\" class=\"alignnone wp-image-16437\" src=\"https:\/\/canaryvip.com\/wp-content\/uploads\/2024\/02\/quadtour.webp\" alt=\"Teide Quad Safari Tenerife\" width=\"500\" height=\"500\" title=\"\" srcset=\"https:\/\/canaryvip.com\/wp-content\/uploads\/2024\/02\/quadtour.webp 1300w, https:\/\/canaryvip.com\/wp-content\/uploads\/2024\/02\/quadtour-300x300.webp 300w, https:\/\/canaryvip.com\/wp-content\/uploads\/2024\/02\/quadtour-1024x1024.webp 1024w, https:\/\/canaryvip.com\/wp-content\/uploads\/2024\/02\/quadtour-150x150.webp 150w, https:\/\/canaryvip.com\/wp-content\/uploads\/2024\/02\/quadtour-12x12.webp 12w, https:\/\/canaryvip.com\/wp-content\/uploads\/2024\/02\/quadtour-600x600.webp 600w\" sizes=\"(max-width: 500px) 100vw, 500px\" \/><\/p>\n<div id=\"ez-toc-container\" class=\"ez-toc-v2_0_82_2 counter-hierarchy ez-toc-counter ez-toc-custom ez-toc-container-direction\">\n<div class=\"ez-toc-title-container\">\n<p class=\"ez-toc-title\" style=\"cursor:inherit\">Tartalomjegyz\u00e9k<\/p>\n<span class=\"ez-toc-title-toggle\"><a href=\"#\" class=\"ez-toc-pull-right ez-toc-btn ez-toc-btn-xs ez-toc-btn-default ez-toc-toggle\" aria-label=\"Toggle Tartalomjegyz\u00e9k\"><span class=\"ez-toc-js-icon-con\"><span class=\"\"><span class=\"eztoc-hide\" style=\"display:none;\">Toggle<\/span><span class=\"ez-toc-icon-toggle-span\"><svg style=\"fill: #0a0000;color:#0a0000\" xmlns=\"http:\/\/www.w3.org\/2000\/svg\" class=\"list-377408\" width=\"20px\" height=\"20px\" viewbox=\"0 0 24 24\" fill=\"none\"><path d=\"M6 6H4v2h2V6zm14 0H8v2h12V6zM4 11h2v2H4v-2zm16 0H8v2h12v-2zM4 16h2v2H4v-2zm16 0H8v2h12v-2z\" fill=\"currentColor\"><\/path><\/svg><svg style=\"fill: #0a0000;color:#0a0000\" class=\"arrow-unsorted-368013\" xmlns=\"http:\/\/www.w3.org\/2000\/svg\" width=\"10px\" height=\"10px\" viewbox=\"0 0 24 24\" version=\"1.2\" baseprofile=\"tiny\"><path d=\"M18.2 9.3l-6.2-6.3-6.2 6.3c-.2.2-.3.4-.3.7s.1.5.3.7c.2.2.4.3.7.3h11c.3 0 .5-.1.7-.3.2-.2.3-.5.3-.7s-.1-.5-.3-.7zM5.8 14.7l6.2 6.3 6.2-6.3c.2-.2.3-.5.3-.7s-.1-.5-.3-.7c-.2-.2-.4-.3-.7-.3h-11c-.3 0-.5.1-.7.3-.2.2-.3.5-.3.7s.1.5.3.7z\"\/><\/svg><\/span><\/span><\/span><\/a><\/span><\/div>\n<nav><ul class='ez-toc-list ez-toc-list-level-1' ><li class='ez-toc-page-1 ez-toc-heading-level-2'><a class=\"ez-toc-link ez-toc-heading-1\" href=\"https:\/\/canaryvip.com\/hu\/quad-biking-in-tenerife-with-teide-quad-safari\/#Quad_biking_in_Tenerife_what_the_Teide_Quad_Safari_is_actually_like\" >Quadoz\u00e1s Tenerif\u00e9n: milyen a Teide Quad Safari val\u00f3j\u00e1ban<\/a><ul class='ez-toc-list-level-3' ><li class='ez-toc-heading-level-3'><a class=\"ez-toc-link ez-toc-heading-2\" href=\"https:\/\/canaryvip.com\/hu\/quad-biking-in-tenerife-with-teide-quad-safari\/#The_route\" >Az \u00fatvonal<\/a><\/li><li class='ez-toc-page-1 ez-toc-heading-level-3'><a class=\"ez-toc-link ez-toc-heading-3\" href=\"https:\/\/canaryvip.com\/hu\/quad-biking-in-tenerife-with-teide-quad-safari\/#What_you_need_to_know_before_booking\" >Amit a foglal\u00e1s el\u0151tt tudnia kell<\/a><\/li><li class='ez-toc-page-1 ez-toc-heading-level-3'><a class=\"ez-toc-link ez-toc-heading-4\" href=\"https:\/\/canaryvip.com\/hu\/quad-biking-in-tenerife-with-teide-quad-safari\/#Who_is_it_for\" >Kinek sz\u00f3l?<\/a><\/li><li class='ez-toc-page-1 ez-toc-heading-level-3'><a class=\"ez-toc-link ez-toc-heading-5\" href=\"https:\/\/canaryvip.com\/hu\/quad-biking-in-tenerife-with-teide-quad-safari\/#Also_worth_considering\" >\u00c9rdemes megfontolni a k\u00f6vetkez\u0151ket is<\/a><\/li><\/ul><\/li><\/ul><\/nav><\/div>\n<h2><span class=\"ez-toc-section\" id=\"Quad_biking_in_Tenerife_what_the_Teide_Quad_Safari_is_actually_like\"><\/span>Quadoz\u00e1s Tenerif\u00e9n: milyen a Teide Quad Safari val\u00f3j\u00e1ban<span class=\"ez-toc-section-end\"><\/span><\/h2>\n<p>A <a href=\"https:\/\/canaryvip.com\/hu\/shop\/teide-quad-safari\/\"><strong>Teide Quad szafari<\/strong><\/a> az egyik legn\u00e9pszer\u0171bb kir\u00e1ndul\u00e1s Tenerife d\u00e9li r\u00e9sz\u00e9n, \u00e9s az CanaryVIP egyik legkelend\u0151bb kir\u00e1ndul\u00e1sa. A tengerpartt\u00f3l felfel\u00e9 a Teide Nemzeti Parkba, feny\u0151erd\u0151k\u00f6n \u00e9s vulkanikus t\u00e1jakon kereszt\u00fcl quaddal tekerhet\u00fcnk. A t\u00fara k\u00f6r\u00fclbel\u00fcl 3 \u00f3r\u00e1t vesz ig\u00e9nybe, naponta indul (reggeli \u00e9s napnyugati indul\u00e1ssal), \u00e9s a quadok teljesen automatikusak, \u00edgy nincs sz\u00fcks\u00e9g kor\u00e1bbi vezet\u00e9si tapasztalatra.<\/p>\n<h3><span class=\"ez-toc-section\" id=\"The_route\"><\/span>Az \u00fatvonal<span class=\"ez-toc-section-end\"><\/span><\/h3>\n<p><img decoding=\"async\" class=\"alignnone wp-image-10107\" src=\"https:\/\/canaryvip.com\/wp-content\/uploads\/2024\/02\/quadsafariteide-300x300.webp\" alt=\"Quad szafari \u00fatvonal Tenerife Teide\" width=\"800\" height=\"800\" title=\"\" srcset=\"https:\/\/canaryvip.com\/wp-content\/uploads\/2024\/02\/quadsafariteide-300x300.webp 300w, https:\/\/canaryvip.com\/wp-content\/uploads\/2024\/02\/quadsafariteide-150x150.webp 150w, https:\/\/canaryvip.com\/wp-content\/uploads\/2024\/02\/quadsafariteide-12x12.webp 12w, https:\/\/canaryvip.com\/wp-content\/uploads\/2024\/02\/quadsafariteide-600x600.webp 600w, https:\/\/canaryvip.com\/wp-content\/uploads\/2024\/02\/quadsafariteide.webp 828w\" sizes=\"(max-width: 800px) 100vw, 800px\" \/><\/p>\n<p>A t\u00fara indul <strong>Ch\u00edo vagy Gu\u00eda de Isora<\/strong> (Tenerife d\u00e9li r\u00e9sz\u00e9n tal\u00e1lhat\u00f3 sz\u00e1llod\u00e1j\u00e1b\u00f3l elviszik \u00d6nt a kiindul\u00e1si pontra). Onnan az \u00fatvonal felfel\u00e9 vezet <strong>Teide Nemzeti Park<\/strong>, kis hegyi falvakon \u00e9s v\u00e1ltoz\u00f3 t\u00e1jakon halad \u00e1t, ahogy emelkedik.<\/p>\n<p>A t\u00e1j dr\u00e1maian v\u00e1ltozik az \u00fat sor\u00e1n. Viszonylag z\u00f6ld, m\u0171velt domboldalon indulunk, majd \u00e1tmegy\u00fcnk a <strong>Corona Forestal feny\u0151erd\u0151<\/strong> amely a vulk\u00e1nt gy\u0171r\u0171zi, majd kit\u00f6r a ny\u00edlt vulkanikus t\u00e1jra a <strong>Las Ca\u00f1adas del Teide<\/strong>. Feny\u0151erd\u0151k, l\u00e1vamez\u0151k \u00e9s a szabad \u00e9gbolt egy menetben. Az idegenvezet\u0151k \u00fatk\u00f6zben t\u00f6bbsz\u00f6r meg\u00e1llnak a kil\u00e1t\u00f3pontokon, ahol f\u00e9nyk\u00e9peket k\u00e9sz\u00edthetnek, \u00e9s elmagyar\u00e1zz\u00e1k a ter\u00fclet geol\u00f3gi\u00e1j\u00e1t \u00e9s t\u00f6rt\u00e9nelm\u00e9t.<\/p>\n<p>A Teide-hegy (3718 m\u00e9ter, Spanyolorsz\u00e1g legmagasabb cs\u00facsa) uralja a kil\u00e1t\u00e1st az \u00fatvonal magasabb szakaszain.<\/p>\n<h3><span class=\"ez-toc-section\" id=\"What_you_need_to_know_before_booking\"><\/span>Amit a foglal\u00e1s el\u0151tt tudnia kell<span class=\"ez-toc-section-end\"><\/span><\/h3>\n<p><img decoding=\"async\" class=\"alignnone wp-image-10105\" src=\"https:\/\/canaryvip.com\/wp-content\/uploads\/2024\/02\/quadsafari-teide2-300x300.webp\" alt=\"Quadoz\u00e1s Tenerife gyakorlati inform\u00e1ci\u00f3k\" width=\"800\" height=\"800\" title=\"\" srcset=\"https:\/\/canaryvip.com\/wp-content\/uploads\/2024\/02\/quadsafari-teide2-300x300.webp 300w, https:\/\/canaryvip.com\/wp-content\/uploads\/2024\/02\/quadsafari-teide2-150x150.webp 150w, https:\/\/canaryvip.com\/wp-content\/uploads\/2024\/02\/quadsafari-teide2-12x12.webp 12w, https:\/\/canaryvip.com\/wp-content\/uploads\/2024\/02\/quadsafari-teide2-600x600.webp 600w, https:\/\/canaryvip.com\/wp-content\/uploads\/2024\/02\/quadsafari-teide2.webp 800w\" sizes=\"(max-width: 800px) 100vw, 800px\" \/><\/p>\n<p><strong>Vezet\u0151i enged\u00e9ly sz\u00fcks\u00e9ges.<\/strong> A j\u00e1rm\u0171vezet\u0151nek legal\u00e1bb 18 \u00e9vesnek kell lennie, \u00e9s \u00e9rv\u00e9nyes vezet\u0151i enged\u00e9llyel kell rendelkeznie (az eredetivel, nem f\u00e9nym\u00e1solattal).<\/p>\n<p><strong>Gyermekek 7 \u00e9ves kort\u00f3l.<\/strong> A 7 \u00e9ves \u00e9s id\u0151sebb gyerekek utasokk\u00e9nt utazhatnak a dupla quadon.<\/p>\n<p><strong>A quadok automatikusak.<\/strong> Nincs kuplung, nincs sebess\u00e9gv\u00e1lt\u00f3. A h\u00fcvelykujjaddal gyors\u00edtasz. Az idegenvezet\u0151k indul\u00e1s el\u0151tt teljes k\u00f6r\u0171 biztons\u00e1gi eligaz\u00edt\u00e1st tartanak, \u00e9s minden biztons\u00e1gi felszerel\u00e9st biztos\u00edtanak, bele\u00e9rtve a sisakot \u00e9s a keszty\u0171t is.<\/p>\n<p><strong>Hozzon meleg ruh\u00e1t.<\/strong> Ez a leggyakoribb dolog, amit az emberek al\u00e1becs\u00fclnek. Costa Adeje tengerszintj\u00e9n 25\u00b0C is lehet, de a Teide k\u00f6zel\u00e9ben l\u00e9v\u0151 magaslaton m\u00e9g ny\u00e1ron is egy sz\u00e1mjegy\u0171 h\u0151m\u00e9rs\u00e9kletet m\u00e9rhet\u00fcnk. Hozzon mag\u00e1val megfelel\u0151 kab\u00e1tot vagy kapucnis pul\u00f3vert. \u00d6r\u00fclni fog neki, k\u00fcl\u00f6n\u00f6sen a naplement\u00e9s t\u00far\u00e1n.<\/p>\n<p><strong>Z\u00e1rt cip\u0151t \u00e9s hossz\u00fa nadr\u00e1got viseljen.<\/strong> Se szand\u00e1l, se r\u00f6vidnadr\u00e1g. A por \u00e9s a kavics az \u00fat r\u00e9sze.<\/p>\n<p><strong>Sz\u00e1llodai felsz\u00e1ll\u00e1s \u00e9s elsz\u00e1ll\u00e1s benne foglaltatik.<\/strong> Ingyenes felsz\u00e1ll\u00e1s Costa Adeje, Playa de las Am\u00e9ricas \u00e9s Los Cristianos sz\u00e1llod\u00e1ib\u00f3l. A 3 \u00f3r\u00e1s t\u00far\u00e1n fel\u00fcl nagyj\u00e1b\u00f3l egy \u00f3r\u00e1t sz\u00e1njon mindk\u00e9t ir\u00e1nyba a sz\u00e1ll\u00edt\u00e1sra.<\/p>\n<p><strong>Reggeli \u00e9s napnyugati indul\u00e1s.<\/strong> A naplement\u00e9s lehet\u0151s\u00e9g az\u00e9rt n\u00e9pszer\u0171, mert a vulkanikus t\u00e1j f\u00e9nye k\u00fcl\u00f6n\u00f6sen j\u00f3 a k\u00e9s\u0151 d\u00e9lut\u00e1ni \u00e9s esti \u00f3r\u00e1kban.<\/p>\n<p><strong>T\u00f6bbnyelv\u0171 \u00fatmutat\u00f3k.<\/strong> A t\u00far\u00e1k t\u00f6bb nyelven zajlanak.<\/p>\n<p><strong>Lemond\u00e1s.<\/strong> Ingyenes lemond\u00e1s a t\u00fara el\u0151tt 48 \u00f3r\u00e1val. Csoportos foglal\u00e1s eset\u00e9n 4+ n\u00e9gyf\u0151s csoportok eset\u00e9n a lemond\u00e1s legal\u00e1bb 4 nappal kor\u00e1bban t\u00f6rt\u00e9nik.<\/p>\n<p><strong>Biztos\u00edt\u00e1s.<\/strong> Az alapbiztos\u00edt\u00e1st tartalmazza. Opcion\u00e1lisan teljes k\u00f6r\u0171 biztos\u00edt\u00e1s is el\u00e9rhet\u0151.<\/p>\n<h3><span class=\"ez-toc-section\" id=\"Who_is_it_for\"><\/span>Kinek sz\u00f3l?<span class=\"ez-toc-section-end\"><\/span><\/h3>\n<p><img decoding=\"async\" class=\"alignnone wp-image-10108\" src=\"https:\/\/canaryvip.com\/wp-content\/uploads\/2024\/02\/quadsafaritf-300x300.webp\" alt=\"Quad ker\u00e9kp\u00e1roz\u00e1s Teide kil\u00e1t\u00e1s\" width=\"800\" height=\"800\" title=\"\" srcset=\"https:\/\/canaryvip.com\/wp-content\/uploads\/2024\/02\/quadsafaritf-300x300.webp 300w, https:\/\/canaryvip.com\/wp-content\/uploads\/2024\/02\/quadsafaritf-150x150.webp 150w, https:\/\/canaryvip.com\/wp-content\/uploads\/2024\/02\/quadsafaritf-12x12.webp 12w, https:\/\/canaryvip.com\/wp-content\/uploads\/2024\/02\/quadsafaritf-600x600.webp 600w, https:\/\/canaryvip.com\/wp-content\/uploads\/2024\/02\/quadsafaritf.webp 696w\" sizes=\"(max-width: 800px) 100vw, 800px\" \/><\/p>\n<p>B\u00e1rki, aki Tenerife egy teljesen m\u00e1s oldal\u00e1t szeretn\u00e9 l\u00e1tni, mint amit a tengerparti \u00fcd\u00fcl\u0151helyeken kapunk. A t\u00fara kezd\u0151k sz\u00e1m\u00e1ra is alkalmas (automata quadok, vezetett t\u00fara, aszfaltozott utak n\u00e9h\u00e1ny terepszakasszal), de m\u00e9g mindig el\u00e9gg\u00e9 lebilincsel\u0151 ahhoz, hogy a tapasztalt motorosok \u00e9rdekl\u0151d\u00e9s\u00e9t is felkeltse. P\u00e1rok, bar\u00e1ti t\u00e1rsas\u00e1gok \u00e9s csal\u00e1dok id\u0151sebb gyerekekkel (7+) mind rendszeresen foglalj\u00e1k ezt a t\u00far\u00e1t.<\/p>\n<p>A leggyakoribb visszajelz\u00e9sek \u00fcgyfeleinkt\u0151l: a kil\u00e1t\u00e1s kiv\u00e1l\u00f3, a t\u00faravezet\u0151k j\u00f3k, \u00e9s f\u00e9nyk\u00e9peket \u00e9s vide\u00f3kat k\u00e9sz\u00edtenek r\u00f3lad az \u00fat sor\u00e1n, \u00e9s a magasban tapasztalhat\u00f3 h\u0151m\u00e9rs\u00e9klet-cs\u00f6kken\u00e9s meglepi az embereket. K\u00fcl\u00f6n\u00f6sen a naplement\u00e9s t\u00fara kap er\u0151s \u00e9rt\u00e9kel\u00e9seket a f\u00e9ny \u00e9s a hangulat miatt.<\/p>\n<p>Ha t\u00f6bb id\u0151t szeretne terepen t\u00f6lteni, \u00e9s kevesebb l\u00e1tnival\u00f3t szeretne l\u00e1tni, k\u00e9rdezzen a r\u00f6videbb <strong>Forest Explorer<\/strong> lehet\u0151s\u00e9g, amely ink\u00e1bb a feny\u0151erd\u0151n kereszt\u00fcl vezet\u0151 f\u00f6ldutakra \u00f6sszpontos\u00edt.<\/p>\n<h3><span class=\"ez-toc-section\" id=\"Also_worth_considering\"><\/span>\u00c9rdemes megfontolni a k\u00f6vetkez\u0151ket is<span class=\"ez-toc-section-end\"><\/span><\/h3>\n<p>Ha tetszik a vulkanikus t\u00e1jak felfedez\u00e9s\u00e9nek gondolata, de a korm\u00e1nyker\u00e9k helyett ink\u00e1bb a korm\u00e1nyt r\u00e9szes\u00edti el\u0151nyben, akkor a <a href=\"https:\/\/canaryvip.com\/hu\/shop\/buggy-safari-tenerife\/\"><strong>buggy szafari<\/strong><\/a> hasonl\u00f3 terepet j\u00e1r be egy side-by-side buggyval. J\u00f3l haszn\u00e1lhat\u00f3 p\u00e1roknak, akik egy\u00fctt szeretn\u00e9nek egy aut\u00f3szer\u0171 fel\u00e1ll\u00e1sban utazni.<\/p>\n<p>A hegyek felfedez\u00e9s\u00e9nek egy\u00e9b m\u00f3djair\u00f3l l\u00e1sd a <a href=\"https:\/\/canaryvip.com\/hu\/tenerife\/guided-tours\/jeep-tours\/\">dzsipt\u00far\u00e1k<\/a> \u00e9s <a href=\"https:\/\/canaryvip.com\/hu\/tenerife\/guided-tours\/\">vezetett t\u00far\u00e1k<\/a> oldal.<\/p>\n<p><strong><a href=\"https:\/\/canaryvip.com\/hu\/shop\/teide-quad-safari\/\">Foglalja le a Teide Quad Safarit 98 \u20ac-t\u00f3l<\/a><\/strong><\/p>","protected":false},"excerpt":{"rendered":"<p>Quad biking in Tenerife: what the Teide Quad Safari is actually like The Teide Quad Safari is one of the most popular excursions in south Tenerife and one of CanaryVIP&#8217;s best sellers. You ride a quad bike from the coast up through pine forests and volcanic landscapes into Teide National Park. The tour takes about&#8230;<\/p>","protected":false},"author":4,"featured_media":16437,"comment_status":"open","ping_status":"closed","sticky":false,"template":"","format":"standard","meta":{"_acf_changed":false,"footnotes":""},"categories":[76],"tags":[],"class_list":["post-11634","post","type-post","status-publish","format-standard","has-post-thumbnail","hentry","category-travel-tips-and-practical-information"],"acf":[],"_links":{"self":[{"href":"https:\/\/canaryvip.com\/hu\/wp-json\/wp\/v2\/posts\/11634","targetHints":{"allow":["GET"]}}],"collection":[{"href":"https:\/\/canaryvip.com\/hu\/wp-json\/wp\/v2\/posts"}],"about":[{"href":"https:\/\/canaryvip.com\/hu\/wp-json\/wp\/v2\/types\/post"}],"author":[{"embeddable":true,"href":"https:\/\/canaryvip.com\/hu\/wp-json\/wp\/v2\/users\/4"}],"replies":[{"embeddable":true,"href":"https:\/\/canaryvip.com\/hu\/wp-json\/wp\/v2\/comments?post=11634"}],"version-history":[{"count":7,"href":"https:\/\/canaryvip.com\/hu\/wp-json\/wp\/v2\/posts\/11634\/revisions"}],"predecessor-version":[{"id":17046,"href":"https:\/\/canaryvip.com\/hu\/wp-json\/wp\/v2\/posts\/11634\/revisions\/17046"}],"wp:featuredmedia":[{"embeddable":true,"href":"https:\/\/canaryvip.com\/hu\/wp-json\/wp\/v2\/media\/16437"}],"wp:attachment":[{"href":"https:\/\/canaryvip.com\/hu\/wp-json\/wp\/v2\/media?parent=11634"}],"wp:term":[{"taxonomy":"category","embeddable":true,"href":"https:\/\/canaryvip.com\/hu\/wp-json\/wp\/v2\/categories?post=11634"},{"taxonomy":"post_tag","embeddable":true,"href":"https:\/\/canaryvip.com\/hu\/wp-json\/wp\/v2\/tags?post=11634"}],"curies":[{"name":"wp","href":"https:\/\/api.w.org\/{rel}","templated":true}]}}