{"id":11170,"date":"2024-04-14T03:07:02","date_gmt":"2024-04-14T02:07:02","guid":{"rendered":"https:\/\/canaryvip.com\/?p=11170"},"modified":"2026-04-12T13:30:25","modified_gmt":"2026-04-12T12:30:25","slug":"historic-tenerife-exploring-the-islands-rich-past","status":"publish","type":"post","link":"https:\/\/canaryvip.com\/hu\/historic-tenerife-exploring-the-islands-rich-past\/","title":{"rendered":"Tenerife t\u00f6rt\u00e9nete: a Guancsokt\u00f3l napjainkig"},"content":{"rendered":"<p><img decoding=\"async\" class=\"alignnone size-full wp-image-17138\" src=\"https:\/\/canaryvip.com\/wp-content\/uploads\/2024\/04\/historytenerife.webp\" alt=\"Tenerife t\u00f6rt\u00e9nete: a Guancsokt\u00f3l napjainkig\" width=\"1376\" height=\"768\" title=\"\" srcset=\"https:\/\/canaryvip.com\/wp-content\/uploads\/2024\/04\/historytenerife.webp 1376w, https:\/\/canaryvip.com\/wp-content\/uploads\/2024\/04\/historytenerife-300x167.webp 300w, https:\/\/canaryvip.com\/wp-content\/uploads\/2024\/04\/historytenerife-1024x572.webp 1024w, https:\/\/canaryvip.com\/wp-content\/uploads\/2024\/04\/historytenerife-18x10.webp 18w, https:\/\/canaryvip.com\/wp-content\/uploads\/2024\/04\/historytenerife-600x335.webp 600w\" sizes=\"(max-width: 1376px) 100vw, 1376px\" \/><\/p>\n<div id=\"ez-toc-container\" class=\"ez-toc-v2_0_82_2 counter-hierarchy ez-toc-counter ez-toc-custom ez-toc-container-direction\">\n<div class=\"ez-toc-title-container\">\n<p class=\"ez-toc-title\" style=\"cursor:inherit\">Tartalomjegyz\u00e9k<\/p>\n<span class=\"ez-toc-title-toggle\"><a href=\"#\" class=\"ez-toc-pull-right ez-toc-btn ez-toc-btn-xs ez-toc-btn-default ez-toc-toggle\" aria-label=\"Toggle Tartalomjegyz\u00e9k\"><span class=\"ez-toc-js-icon-con\"><span class=\"\"><span class=\"eztoc-hide\" style=\"display:none;\">Toggle<\/span><span class=\"ez-toc-icon-toggle-span\"><svg style=\"fill: #0a0000;color:#0a0000\" xmlns=\"http:\/\/www.w3.org\/2000\/svg\" class=\"list-377408\" width=\"20px\" height=\"20px\" viewbox=\"0 0 24 24\" fill=\"none\"><path d=\"M6 6H4v2h2V6zm14 0H8v2h12V6zM4 11h2v2H4v-2zm16 0H8v2h12v-2zM4 16h2v2H4v-2zm16 0H8v2h12v-2z\" fill=\"currentColor\"><\/path><\/svg><svg style=\"fill: #0a0000;color:#0a0000\" class=\"arrow-unsorted-368013\" xmlns=\"http:\/\/www.w3.org\/2000\/svg\" width=\"10px\" height=\"10px\" viewbox=\"0 0 24 24\" version=\"1.2\" baseprofile=\"tiny\"><path d=\"M18.2 9.3l-6.2-6.3-6.2 6.3c-.2.2-.3.4-.3.7s.1.5.3.7c.2.2.4.3.7.3h11c.3 0 .5-.1.7-.3.2-.2.3-.5.3-.7s-.1-.5-.3-.7zM5.8 14.7l6.2 6.3 6.2-6.3c.2-.2.3-.5.3-.7s-.1-.5-.3-.7c-.2-.2-.4-.3-.7-.3h-11c-.3 0-.5.1-.7.3-.2.2-.3.5-.3.7s.1.5.3.7z\"\/><\/svg><\/span><\/span><\/span><\/a><\/span><\/div>\n<nav><ul class='ez-toc-list ez-toc-list-level-1' ><li class='ez-toc-page-1 ez-toc-heading-level-2'><a class=\"ez-toc-link ez-toc-heading-1\" href=\"https:\/\/canaryvip.com\/hu\/historic-tenerife-exploring-the-islands-rich-past\/#A_2000-year_story_in_seven_chapters\" >Egy 2000 \u00e9ves t\u00f6rt\u00e9net h\u00e9t fejezetben<\/a><ul class='ez-toc-list-level-3' ><li class='ez-toc-heading-level-3'><a class=\"ez-toc-link ez-toc-heading-2\" href=\"https:\/\/canaryvip.com\/hu\/historic-tenerife-exploring-the-islands-rich-past\/#The_Guanches_Tenerifes_original_inhabitants\" >A Guanche-ok: Tenerife eredeti lak\u00f3i<\/a><\/li><li class='ez-toc-page-1 ez-toc-heading-level-3'><a class=\"ez-toc-link ez-toc-heading-3\" href=\"https:\/\/canaryvip.com\/hu\/historic-tenerife-exploring-the-islands-rich-past\/#The_Spanish_conquest_1494_to_1496\" >A spanyol h\u00f3d\u00edt\u00e1s (1494-1496)<\/a><\/li><li class='ez-toc-page-1 ez-toc-heading-level-3'><a class=\"ez-toc-link ez-toc-heading-4\" href=\"https:\/\/canaryvip.com\/hu\/historic-tenerife-exploring-the-islands-rich-past\/#Colonial_Tenerife_16th_to_18th_century\" >A gyarmati Tenerife (16-18. sz\u00e1zad)<\/a><\/li><li class='ez-toc-page-1 ez-toc-heading-level-3'><a class=\"ez-toc-link ez-toc-heading-5\" href=\"https:\/\/canaryvip.com\/hu\/historic-tenerife-exploring-the-islands-rich-past\/#Nelsons_failed_invasion_1797\" >Nelson sikertelen inv\u00e1zi\u00f3ja (1797)<\/a><\/li><li class='ez-toc-page-1 ez-toc-heading-level-3'><a class=\"ez-toc-link ez-toc-heading-6\" href=\"https:\/\/canaryvip.com\/hu\/historic-tenerife-exploring-the-islands-rich-past\/#19th_and_20th_century_from_agriculture_to_tourism\" >19. \u00e9s 20. sz\u00e1zad: a mez\u0151gazdas\u00e1gt\u00f3l a turizmusig<\/a><\/li><li class='ez-toc-page-1 ez-toc-heading-level-3'><a class=\"ez-toc-link ez-toc-heading-7\" href=\"https:\/\/canaryvip.com\/hu\/historic-tenerife-exploring-the-islands-rich-past\/#Tenerife_today\" >Tenerife ma<\/a><\/li><li class='ez-toc-page-1 ez-toc-heading-level-3'><a class=\"ez-toc-link ez-toc-heading-8\" href=\"https:\/\/canaryvip.com\/hu\/historic-tenerife-exploring-the-islands-rich-past\/#Where_to_see_Tenerifes_history\" >Hol l\u00e1thatja Tenerife t\u00f6rt\u00e9nelm\u00e9t<\/a><\/li><\/ul><\/li><li class='ez-toc-page-1 ez-toc-heading-level-2'><a class=\"ez-toc-link ez-toc-heading-9\" href=\"https:\/\/canaryvip.com\/hu\/historic-tenerife-exploring-the-islands-rich-past\/#Explore_Tenerife_with_CanaryVIP\" >Fedezze fel Tenerif\u00e9t az CanaryVIP-vel<\/a><\/li><\/ul><\/nav><\/div>\n<h2><span class=\"ez-toc-section\" id=\"A_2000-year_story_in_seven_chapters\"><\/span>Egy 2000 \u00e9ves t\u00f6rt\u00e9net h\u00e9t fejezetben<span class=\"ez-toc-section-end\"><\/span><\/h2>\n<p>Tenerife t\u00f6rt\u00e9nelme t\u00f6bb mint k\u00e9tezer \u00e9vvel azel\u0151ttre ny\u00falik vissza, hogy az els\u0151 turista lesz\u00e1llt volna a rep\u00fcl\u0151g\u00e9pr\u0151l. A szigeten t\u00f6bb mint egy \u00e9vezreden \u00e1t elszigetelten \u00e9l\u0151 \u0151slakosok \u00e9ltek, a 15. sz\u00e1zadban a spanyol h\u00f3d\u00edt\u00e1s ellen az egyik leghevesebb ellen\u00e1ll\u00e1si kamp\u00e1nyt v\u00edvt\u00e1k, k\u00e9s\u0151bb pedig az Amerik\u00e1ba vezet\u0151 atlanti kereskedelmi \u00fatvonalak egyik legfontosabb \u00e1llom\u00e1sa lett. M\u00e9g Horatio Nelson is elvesztette a jobb karj\u00e1t, amikor megpr\u00f3b\u00e1lta lerohanni Santa Cruzt.<\/p>\n<p>Ez az \u00fatik\u00f6nyv kronol\u00f3giai sorrendben mutatja be Tenerife val\u00f3di t\u00f6rt\u00e9net\u00e9t: a guancsok, a spanyol h\u00f3d\u00edt\u00e1s, a gyarmati id\u0151szak, a kal\u00f3zt\u00e1mad\u00e1sok, Nelson sikertelen inv\u00e1zi\u00f3ja \u00e9s a turizmus fejl\u0151d\u00e9se a 20. sz\u00e1zadban. Semmi mitol\u00f3gia, semmi hom\u00e1lyos \u201ca kult\u00fara gazdag sz\u00f6vev\u00e9nye\u201d, csak az, hogy mi t\u00f6rt\u00e9nt val\u00f3j\u00e1ban, \u00e9s hol l\u00e1thatjuk ma is a bizony\u00edt\u00e9kokat.<\/p>\n<h3><span class=\"ez-toc-section\" id=\"The_Guanches_Tenerifes_original_inhabitants\"><\/span>A Guanche-ok: Tenerife eredeti lak\u00f3i<span class=\"ez-toc-section-end\"><\/span><\/h3>\n<p><img decoding=\"async\" class=\"alignnone size-full wp-image-17137\" src=\"https:\/\/canaryvip.com\/wp-content\/uploads\/2024\/04\/guanchestenerifehistory.webp\" alt=\"A Guanches Tenerife t\u00f6rt\u00e9nete\" width=\"1376\" height=\"768\" title=\"\" srcset=\"https:\/\/canaryvip.com\/wp-content\/uploads\/2024\/04\/guanchestenerifehistory.webp 1376w, https:\/\/canaryvip.com\/wp-content\/uploads\/2024\/04\/guanchestenerifehistory-300x167.webp 300w, https:\/\/canaryvip.com\/wp-content\/uploads\/2024\/04\/guanchestenerifehistory-1024x572.webp 1024w, https:\/\/canaryvip.com\/wp-content\/uploads\/2024\/04\/guanchestenerifehistory-18x10.webp 18w, https:\/\/canaryvip.com\/wp-content\/uploads\/2024\/04\/guanchestenerifehistory-600x335.webp 600w\" sizes=\"(max-width: 1376px) 100vw, 1376px\" \/><\/p>\n<p>A guancsok Tenerife \u0151slakosai voltak. A kifejez\u00e9s eredetileg csak Tenerife lak\u00f3ira vonatkozott, b\u00e1r ma m\u00e1r mind a h\u00e9t Kan\u00e1ri-szigetek \u0151slakosaira \u00e1ltal\u00e1nosan haszn\u00e1lj\u00e1k.<\/p>\n<p><strong>Honnan j\u00f6ttek.<\/strong> A guancsok \u00e9szak-afrikai eredet\u0171 amazigh (berber) n\u00e9pcsoportb\u00f3l sz\u00e1rmaztak. Nyelv\u00fck (amely m\u00e1ra kihalt, de t\u00f6red\u00e9kei helynevekben \u00e9s t\u00f6rt\u00e9nelmi feljegyz\u00e9sekben fennmaradtak) egy\u00e9rtelm\u0171 hasonl\u00f3s\u00e1got mutat a berber nyelvekkel. A genetikai vizsg\u00e1latok meger\u0151s\u00edtik az \u00e9szak-afrikai sz\u00e1rmaz\u00e1st, \u00e9s a modern Kan\u00e1ri-szigeteki lakosok a szigett\u0151l f\u00fcgg\u0151en m\u00e9g mindig 16-31% guanche autoszom\u00e1lis DNS-t hordoznak.<\/p>\n<p><strong>Amikor meg\u00e9rkeztek.<\/strong> A dat\u00e1l\u00e1s vitatott. Az Icod de los Vinos-i Guanches-barlangb\u00f3l sz\u00e1rmaz\u00f3 r\u00e9g\u00e9szeti bizony\u00edt\u00e9kok a Kr. e. 6. sz\u00e1zadb\u00f3l sz\u00e1rmaz\u00f3 lak\u00f3helyre utalnak a ker\u00e1miaelemz\u00e9sek alapj\u00e1n. Az \u0151si DNS-vizsg\u00e1latok i. e. 1031 k\u00f6r\u00fclre dat\u00e1lt g\u00e9n\u00e1llom\u00e1nyt tal\u00e1ltak. A legelterjedtebb becsl\u00e9s szerint a Kr. e. els\u0151 \u00e9vezredben \u00e9rkeztek meg szakaszosan. Az, hogy hogyan tett\u00e9k meg az \u00e1tkel\u00e9st \u00c9szak-Afrik\u00e1b\u00f3l (nagyj\u00e1b\u00f3l 100 km) an\u00e9lk\u00fcl, hogy cs\u00f3nakokra vagy navig\u00e1ci\u00f3s ismeretekre utal\u00f3 nyomokat hagytak volna, tov\u00e1bbra is a Kan\u00e1ri-szigetek r\u00e9g\u00e9szet\u00e9nek egyik nagy rejt\u00e9lye.<\/p>\n<p><strong>Hogyan \u00e9ltek.<\/strong> A guancsok els\u0151sorban term\u00e9szetes barlangokban \u00e9s vulkanikus cs\u00f6vekben \u00e9ltek, b\u00e1r tal\u00e1ltak n\u00e9h\u00e1ny sz\u00e1razk\u0151 szerkezet\u0171 felsz\u00edni telep\u00fcl\u00e9st is. Gazdas\u00e1guk kecske- \u00e9s juhteny\u00e9szt\u00e9sen, alapvet\u0151 mez\u0151gazdas\u00e1gi tev\u00e9kenys\u00e9geken (\u00e1rpa, b\u00faza, bab) \u00e9s korl\u00e1tozott hal\u00e1szaton alapult. Gofi\u00f3t (pir\u00edtott gabonalisztet, amelyet a Kan\u00e1ri-szigeteken m\u00e9g ma is fogyasztanak) k\u00e9sz\u00edtettek, \u00e9s kecskeb\u0151rb\u0151l ker\u00e1mi\u00e1t, csonteszk\u00f6z\u00f6ket \u00e9s ruh\u00e1zatot k\u00e9sz\u00edtettek.<\/p>\n<p><strong>Hogyan szervez\u0151d\u00f6tt a t\u00e1rsadalmuk.<\/strong> Amikor a spanyolok 1494-ben meg\u00e9rkeztek, a becsl\u00e9sek szerint 15 000-30 000 guancs \u00e9lt Tenerif\u00e9n, kilenc menceyato-ra (kir\u00e1lys\u00e1gra) osztva: Anaga, Tegueste, Tacoronte, Taoro, Icod, Daute, Adeje, Abona \u00e9s Guimar. Mindegyiket egy-egy mencey (nagyj\u00e1b\u00f3l egy kir\u00e1lynak megfelel\u0151) korm\u00e1nyozta. A kilenc k\u00f6rzet nagyj\u00e1b\u00f3l megfelel a mai Tenerife azon ter\u00fcleteinek, amelyek m\u00e9g ma is ezeket a neveket viselik.<\/p>\n<p><strong>Vall\u00e1s \u00e9s temet\u00e9s.<\/strong> A guancsok Magec (a napisten) \u00e9s Chaxiraxi (egy anyaistenn\u0151, akit k\u00e9s\u0151bb a Kan\u00e1ri-szigetek v\u00e9d\u0151szentj\u00e9vel, a Candelaria-sz\u0171zzel szinkretiz\u00e1ltak) istenn\u0151j\u00e9t im\u00e1dt\u00e1k. A Teide-hegyet a gonosz szellem, Guayota lakhely\u00e9nek tartott\u00e1k. A mumifik\u00e1l\u00e1st olyan technik\u00e1val gyakorolt\u00e1k, amelyet a kutat\u00f3k az \u00f3kori Egyiptom\u00e9hoz hasonl\u00edtottak. Tenerif\u00e9n t\u00f6bb mint 200 guanche m\u00fami\u00e1t tal\u00e1ltak, a leggazdagabb koncentr\u00e1ci\u00f3 a Barranco de Herquesben tal\u00e1lhat\u00f3.<\/p>\n<h3><span class=\"ez-toc-section\" id=\"The_Spanish_conquest_1494_to_1496\"><\/span>A spanyol h\u00f3d\u00edt\u00e1s (1494-1496)<span class=\"ez-toc-section-end\"><\/span><\/h3>\n<p><img decoding=\"async\" class=\"alignnone size-full wp-image-17139\" src=\"https:\/\/canaryvip.com\/wp-content\/uploads\/2024\/04\/The-Spanish-conquest-canaryvip.webp\" alt=\"A spanyol h\u00f3d\u00edt\u00e1s - Tenerife t\u00f6rt\u00e9nete\" width=\"1376\" height=\"768\" title=\"\" srcset=\"https:\/\/canaryvip.com\/wp-content\/uploads\/2024\/04\/The-Spanish-conquest-canaryvip.webp 1376w, https:\/\/canaryvip.com\/wp-content\/uploads\/2024\/04\/The-Spanish-conquest-canaryvip-300x167.webp 300w, https:\/\/canaryvip.com\/wp-content\/uploads\/2024\/04\/The-Spanish-conquest-canaryvip-1024x572.webp 1024w, https:\/\/canaryvip.com\/wp-content\/uploads\/2024\/04\/The-Spanish-conquest-canaryvip-18x10.webp 18w, https:\/\/canaryvip.com\/wp-content\/uploads\/2024\/04\/The-Spanish-conquest-canaryvip-600x335.webp 600w\" sizes=\"(max-width: 1376px) 100vw, 1376px\" \/><\/p>\n<p>A Kan\u00e1ri-szigetek spanyol h\u00f3d\u00edt\u00e1sa 1402-ben kezd\u0151d\u00f6tt, de Tenerife minden m\u00e1s szigetn\u00e9l tov\u00e1bb kitartott. Az els\u0151 komolyabb k\u00eds\u00e9rlet Tenerife megh\u00f3d\u00edt\u00e1s\u00e1ra 1464-ben t\u00f6rt\u00e9nt, t\u00f6bb mint 30 \u00e9vvel a v\u00e9gs\u0151 eleste el\u0151tt.<\/p>\n<p>1494-ben Alonso Fernandez de Lugo (akinek a nev\u00e9t a sziget utcai t\u00e1bl\u00e1in l\u00e1thatjuk) t\u00f6bb mint 1000 f\u0151s hader\u0151vel sz\u00e1llt partra a mai Santa Cruz k\u00f6zel\u00e9ben, amelyhez t\u00f6bb kaszt\u00edliai katona, a m\u00e1r megh\u00f3d\u00edtott szigetekr\u0151l sz\u00e1rmaz\u00f3 kan\u00e1ri-szigetekiek \u00e9s egy lovass\u00e1gi egys\u00e9g tartozott. A kilenc guanche mencey k\u00f6z\u00fcl n\u00e9gy (Guimar, Adeje, Abona \u00e9s Anaga) b\u00e9keszerz\u0151d\u00e9st k\u00f6t\u00f6tt a megsz\u00e1ll\u00f3kkal. A m\u00e1sik \u00f6t megtagadta a beh\u00f3dol\u00e1st.<\/p>\n<p><strong>Az els\u0151 acentejoi csata (1494. m\u00e1jus 31.).<\/strong> Amikor de Lugo csapatai a belf\u00f6ld\u00f6n Taoro (a mai Puerto de la Cruz \u00e9s La Orotava) fel\u00e9 haladtak, egy szakad\u00e9kban rajta\u00fct\u00f6ttek a Mencey Bencomo \u00e9s f\u00e9ltestv\u00e9re, Tinguaro vezette guancs harcosok. A spanyolok pusztul\u00e1st szenvedtek, sereg\u00fck mintegy 80%-\u00e9t elvesztett\u00e9k. De Lugo maga is megsebes\u00fclt, \u00e9s alig tudott megmenek\u00fclni. A mai La Matanza de Acentejo (\u201cAcentejo m\u00e9sz\u00e1rl\u00e1sa\u201d) nev\u0171 v\u00e1ros e csata helysz\u00edn\u00e9t jel\u00f6li.<\/p>\n<p><strong>De Lugo visszat\u00e9r\u00e9se (1495).<\/strong> Miut\u00e1n eladta birtokait egy \u00faj hadj\u00e1rat finansz\u00edroz\u00e1sa \u00e9rdek\u00e9ben, de Lugo a granadai h\u00e1bor\u00fa 1000 veter\u00e1nj\u00e1val \u00e9s lovass\u00e1g\u00e1val t\u00e9rt vissza. 1495 november\u00e9ben a guancsok veres\u00e9get szenvedtek az Aguere-i csat\u00e1ban (a mai La Laguna k\u00f6zel\u00e9ben). Bencomo meghalt.<\/p>\n<p><strong>A m\u00e1sodik acentejoi csata (1495. december 25.).<\/strong> A guancsok, akiket most Bencomo fia, Bentor vezetett, \u00e9s akiket egy j\u00e1rv\u00e1ny (val\u00f3sz\u00edn\u0171leg a spanyolok \u00e1ltal behurcolt himl\u0151) legyeng\u00edtett, ugyanott szenvedtek veres\u00e9get, ahol kor\u00e1bban gy\u0151ztek. H\u00e1rom\u00f3r\u00e1s harc ut\u00e1n a spanyol l\u0151fegyverek \u00e9s lovass\u00e1g legy\u0151zte \u0151ket. A mai La Victoria de Acentejo (\u201cAcentejo gy\u0151zelme\u201d) v\u00e1ros ezt a helyet jel\u00f6li.<\/p>\n<p>A h\u00f3d\u00edt\u00e1s hivatalosan 1496. j\u00falius 25-\u00e9n \u00e9rt v\u00e9get a Los Realejos-i szerz\u0151d\u00e9ssel az Orotava-v\u00f6lgyben. Bentor \u00e1ll\u00edt\u00f3lag ink\u00e1bb levetette mag\u00e1t egy szikl\u00e1r\u00f3l, minthogy al\u00e1vesse mag\u00e1t a spanyol uralomnak. Sok guancsit rabszolgasorba tasz\u00edtottak annak ellen\u00e9re, hogy a p\u00e1pa 1434-ben megtiltotta a Kan\u00e1ri-szigeteki rabszolga-kereskedelmet. 1511-ben parancsot adtak ki az \u00f6sszes guanche fogoly szabadon bocs\u00e1t\u00e1s\u00e1ra.<\/p>\n<p>N\u00e9h\u00e1ny gener\u00e1ci\u00f3n bel\u00fcl a guanche nyelv, kult\u00fara \u00e9s identit\u00e1s nagyr\u00e9szt beolvadt a gyarmati spanyol lakoss\u00e1gba. Genetikai \u00f6r\u00f6ks\u00e9g\u00fck azonban tov\u00e1bbra is fennmaradt: a modern Tinerfe\u00f1\u00f3k jelent\u0151s \u0151slakos sz\u00e1rmaz\u00e1st hordoznak.<\/p>\n<h3><span class=\"ez-toc-section\" id=\"Colonial_Tenerife_16th_to_18th_century\"><\/span>A gyarmati Tenerife (16-18. sz\u00e1zad)<span class=\"ez-toc-section-end\"><\/span><\/h3>\n<p><img decoding=\"async\" class=\"alignnone size-full wp-image-17136\" src=\"https:\/\/canaryvip.com\/wp-content\/uploads\/2024\/04\/tenerifecolonialhistory.webp\" alt=\"A spanyol h\u00f3d\u00edt\u00e1s Tenerife t\u00f6rt\u00e9nete\" width=\"1376\" height=\"768\" title=\"\" srcset=\"https:\/\/canaryvip.com\/wp-content\/uploads\/2024\/04\/tenerifecolonialhistory.webp 1376w, https:\/\/canaryvip.com\/wp-content\/uploads\/2024\/04\/tenerifecolonialhistory-300x167.webp 300w, https:\/\/canaryvip.com\/wp-content\/uploads\/2024\/04\/tenerifecolonialhistory-1024x572.webp 1024w, https:\/\/canaryvip.com\/wp-content\/uploads\/2024\/04\/tenerifecolonialhistory-18x10.webp 18w, https:\/\/canaryvip.com\/wp-content\/uploads\/2024\/04\/tenerifecolonialhistory-600x335.webp 600w\" sizes=\"(max-width: 1376px) 100vw, 1376px\" \/><\/p>\n<p>A h\u00f3d\u00edt\u00e1s ut\u00e1n Tenerife gyorsan \u00e1talakult. San Cristobal de La Laguna lett az els\u0151 f\u0151v\u00e1ros, amelyet egy olyan r\u00e1csh\u00e1l\u00f3s terv alapj\u00e1n alak\u00edtottak ki, amely k\u00e9s\u0151bb az amerikai kontinens spanyol gyarmati v\u00e1rosainak mint\u00e1j\u00e1v\u00e1 v\u00e1lt. La Laguna t\u00f6rt\u00e9nelmi k\u00f6zpontja ma r\u00e9szben ez\u00e9rt is az UNESCO Vil\u00e1g\u00f6r\u00f6ks\u00e9g r\u00e9sze.<\/p>\n<p><strong>Mez\u0151gazdas\u00e1g \u00e9s kereskedelem.<\/strong> A spanyolok nagy ter\u00fcleteket irtottak ki az \u0151shonos feny\u0151erd\u0151kb\u0151l, \u00e9s cukorn\u00e1dat telep\u00edtettek. Amikor a cukor \u00e1ra \u00f6sszeomlott, a gazdas\u00e1g a borra (k\u00fcl\u00f6n\u00f6sen az \u00e9des malv\u00e1zi\u00e1ra, amely Eur\u00f3pa-szerte h\u00edres lett, \u00e9s amelyet Shakespeare is megeml\u00edtett) helyezte \u00e1t a hangs\u00falyt. K\u00e9s\u0151bb megjelent a cochineal (rovarokb\u00f3l el\u0151\u00e1ll\u00edtott v\u00f6r\u00f6s fest\u00e9kanyag), a doh\u00e1ny, a paradicsom, v\u00e9g\u00fcl pedig a ban\u00e1n, amely ma is a legfontosabb term\u00e9ny.<\/p>\n<p><strong>Atlanti kereskedelmi \u00fatvonalak.<\/strong> Tenerife Eur\u00f3pa, Afrika \u00e9s Amerika k\u00f6z\u00f6tti elhelyezked\u00e9se miatt l\u00e9tfontoss\u00e1g\u00fa meg\u00e1ll\u00f3helynek sz\u00e1m\u00edtott. Kolumbusz Krist\u00f3f 1492-ben, els\u0151 amerikai \u00fatja sor\u00e1n meg\u00e1llt a szomsz\u00e9dos La Gomer\u00e1n. Magell\u00e1n 1519-ben Tenerif\u00e9t v\u00e1lasztotta meg\u00e1ll\u00f3hely\u00e9\u00fcl, amikor elindult a F\u00f6ld megker\u00fcl\u00e9s\u00e9re. Santa Cruz fontos kik\u00f6t\u0151 lett, amely \u00f6sszek\u00f6t\u00f6tte Spanyolorsz\u00e1got amerikai gyarmataival.<\/p>\n<p><strong>Kal\u00f3zt\u00e1mad\u00e1sok.<\/strong> Ez a strat\u00e9giai fontoss\u00e1g nem k\u00edv\u00e1nt figyelmet keltett. A 16. sz\u00e1zadt\u00f3l kezdve kal\u00f3zflottill\u00e1k j\u00e1r\u0151r\u00f6ztek az Azori-szigetek \u00e9s a Kan\u00e1ri-szigetek k\u00f6z\u00f6tti vizeken, haj\u00f3kat t\u00e1madtak meg \u00e9s part menti telep\u00fcl\u00e9seket fosztogattak. 1657 \u00e1prilis\u00e1ban Robert Blake angol admir\u00e1lis megt\u00e1madott \u00e9s megsemmis\u00edtett egy spanyol kincses flott\u00e1t Santa Cruzn\u00e1l.<\/p>\n<p><strong>T\u00f6meges kiv\u00e1ndorl\u00e1s Amerik\u00e1ba.<\/strong> A 17. sz\u00e1zadt\u00f3l kezdve a canari\u00f3k nagy sz\u00e1mban v\u00e1ndoroltak ki a spanyol gyarmatokra, k\u00fcl\u00f6n\u00f6sen Venezuel\u00e1ba, Kub\u00e1ba \u00e9s Puerto Ric\u00f3ba. Ez a kapcsolat ma is l\u00e1that\u00f3 a k\u00f6z\u00f6s csal\u00e1dnevekben, az \u00e9tkez\u00e9si hagyom\u00e1nyokban \u00e9s a jellegzetes kan\u00e1ri spanyol akcentusban, amely k\u00f6zelebb \u00e1ll a karibi spanyolhoz, mint a sz\u00e1razf\u00f6ldi kaszt\u00edliaihoz.<\/p>\n<h3><span class=\"ez-toc-section\" id=\"Nelsons_failed_invasion_1797\"><\/span>Nelson sikertelen inv\u00e1zi\u00f3ja (1797)<span class=\"ez-toc-section-end\"><\/span><\/h3>\n<p><img decoding=\"async\" class=\"alignnone size-full wp-image-17135\" src=\"https:\/\/canaryvip.com\/wp-content\/uploads\/2024\/04\/Nelsons-failed-invasion-canaryvip.webp\" alt=\"Nelson sikertelen inv\u00e1zi\u00f3ja: CanaryVIP Tenerife t\u00f6rt\u00e9nete\" width=\"1376\" height=\"768\" title=\"\" srcset=\"https:\/\/canaryvip.com\/wp-content\/uploads\/2024\/04\/Nelsons-failed-invasion-canaryvip.webp 1376w, https:\/\/canaryvip.com\/wp-content\/uploads\/2024\/04\/Nelsons-failed-invasion-canaryvip-300x167.webp 300w, https:\/\/canaryvip.com\/wp-content\/uploads\/2024\/04\/Nelsons-failed-invasion-canaryvip-1024x572.webp 1024w, https:\/\/canaryvip.com\/wp-content\/uploads\/2024\/04\/Nelsons-failed-invasion-canaryvip-18x10.webp 18w, https:\/\/canaryvip.com\/wp-content\/uploads\/2024\/04\/Nelsons-failed-invasion-canaryvip-600x335.webp 600w\" sizes=\"(max-width: 1376px) 100vw, 1376px\" \/><\/p>\n<p>1797. j\u00falius 25-\u00e9n Horatio Nelson brit ellentengernagy mintegy 900 f\u0151s csapattal megk\u00eds\u00e9relte elfoglalni Santa Cruz de Tenerife sziget\u00e9t, rem\u00e9lve, hogy egy spanyol kincseshaj\u00f3t foglalhat el, \u00e9s strat\u00e9giai t\u00e1maszpontot szerezhet az Atlanti-\u00f3ce\u00e1non. A t\u00e1mad\u00e1s cs\u00fafos kudarcot vallott.<\/p>\n<p>A spanyol er\u0151k Antonio Gutierrez t\u00e1bornok vezet\u00e9s\u00e9vel felk\u00e9sz\u00fcltek. Santa Cruz sz\u0171k utc\u00e1i a v\u00e9d\u0151knek kedveztek, \u00e9s a brit partrasz\u00e1ll\u00f3 csapatokat heves t\u00fcz\u00e9rs\u00e9gi \u00e9s musk\u00e9tat\u0171zzel fogadt\u00e1k. Nelson szem\u00e9lyesen vezette az egyik partrasz\u00e1ll\u00f3 csapatot, de a partrasz\u00e1ll\u00e1s k\u00f6zben a jobb karj\u00e1t eltal\u00e1lta egy sz\u0151l\u0151l\u00f6ved\u00e9k. Karj\u00e1t m\u00e9g aznap este amput\u00e1lni kellett.<\/p>\n<p>A britek jelent\u0151s vesztes\u00e9gekkel k\u00e9nytelenek voltak visszavonulni. A lovagiass\u00e1g h\u00edres gesztusak\u00e9nt Gutierrez t\u00e1bornok bort \u00e9s kenyeret k\u00fcld\u00f6tt a legy\u0151z\u00f6tt brit csapatoknak, miel\u0151tt azok t\u00e1voztak volna. Nelson \u00e1gy\u00faja, az El Tigre (az az \u00e1gy\u00fa, amelyr\u0151l \u00fagy v\u00e9lik, hogy az \u0151t megsebes\u00edt\u0151 l\u00f6v\u00e9st leadta) ma is ki van \u00e1ll\u00edtva Santa Cruzban.<\/p>\n<p>Ez volt Nelson karrierj\u00e9nek egyik kev\u00e9s veres\u00e9ge, \u00e9s Santa Cruzban a helyi b\u00fcszkes\u00e9g egyik pontja maradt. Ez az esem\u00e9ny fordul\u00f3pontot jelentett Nelson sz\u00e1m\u00e1ra is, aki a k\u00e9s\u0151bbiekben a n\u00edlusi csat\u00e1t \u00e9s Trafalgart is f\u00e9l k\u00e9zzel nyerte meg.<\/p>\n<h3><span class=\"ez-toc-section\" id=\"19th_and_20th_century_from_agriculture_to_tourism\"><\/span>19. \u00e9s 20. sz\u00e1zad: a mez\u0151gazdas\u00e1gt\u00f3l a turizmusig<span class=\"ez-toc-section-end\"><\/span><\/h3>\n<p><img decoding=\"async\" class=\"alignnone size-full wp-image-17133\" src=\"https:\/\/canaryvip.com\/wp-content\/uploads\/2024\/04\/19thto20thtenerife.webp\" alt=\"19. \u00e9s 20. sz\u00e1zad: a mez\u0151gazdas\u00e1gt\u00f3l a turizmusig\" width=\"1376\" height=\"768\" title=\"\" srcset=\"https:\/\/canaryvip.com\/wp-content\/uploads\/2024\/04\/19thto20thtenerife.webp 1376w, https:\/\/canaryvip.com\/wp-content\/uploads\/2024\/04\/19thto20thtenerife-300x167.webp 300w, https:\/\/canaryvip.com\/wp-content\/uploads\/2024\/04\/19thto20thtenerife-1024x572.webp 1024w, https:\/\/canaryvip.com\/wp-content\/uploads\/2024\/04\/19thto20thtenerife-18x10.webp 18w, https:\/\/canaryvip.com\/wp-content\/uploads\/2024\/04\/19thto20thtenerife-600x335.webp 600w\" sizes=\"(max-width: 1376px) 100vw, 1376px\" \/><\/p>\n<p>1821-ben Santa Cruz lett az eg\u00e9sz Kan\u00e1ri-szigeteki tartom\u00e1ny els\u0151 f\u0151v\u00e1rosa. Ez nem tetszett Las Palmasnak (Gran Canaria), \u00e9s t\u00f6bb mint egy \u00e9vsz\u00e1zados rivaliz\u00e1l\u00e1s ut\u00e1n Madrid 1927-ben k\u00e9t tartom\u00e1nyra osztotta a szigetcsoportot: Santa Cruz de Tenerife (Tenerife, La Gomera, La Palma \u00e9s El Hierro) \u00e9s Las Palmas de Gran Canaria (Gran Canaria, Lanzarote \u00e9s Fuerteventura). Ez a feloszt\u00e1s ma is fenn\u00e1ll, \u00e9s a k\u00e9t f\u0151v\u00e1ros felv\u00e1ltva a Kan\u00e1ri-szigetek korm\u00e1ny\u00e1nak sz\u00e9khelye.<\/p>\n<p><strong>A ban\u00e1ngazdas\u00e1g.<\/strong> A 19. sz\u00e1zad v\u00e9g\u00e9n a ban\u00e1ntermeszt\u00e9s fellend\u00fclt, ami \u00e1talak\u00edtotta Tenerife mez\u0151gazdas\u00e1gi t\u00e1jk\u00e9p\u00e9t. A brit kereskedelmi t\u00e1rsas\u00e1gok ban\u00e1nexport-\u00fczleteket hoztak l\u00e9tre, \u00e9s a jellegzetes kism\u00e9ret\u0171 kan\u00e1ri ban\u00e1n (amely k\u00fcl\u00f6nb\u00f6zik a K\u00f6z\u00e9p-Amerik\u00e1ban termesztett nagyobb fajt\u00e1kt\u00f3l) a sziget els\u0151dleges exportterm\u00e9ny\u00e9v\u00e9 v\u00e1lt. Az \u00e9szaki partvid\u00e9k nagy r\u00e9sz\u00e9t ma is ban\u00e1n\u00fcltetv\u00e9nyek bor\u00edtj\u00e1k.<\/p>\n<p><strong>Korai turizmus.<\/strong> Tenerife a 19. sz\u00e1zad v\u00e9g\u00e9n kezdte vonzani a l\u00e1togat\u00f3kat, kezdetben gazdag \u00e9szak-eur\u00f3paiakat, akiket az enyhe \u00e9ghajlat eg\u00e9szs\u00e9g\u00fcgyi okokb\u00f3l vonzott. Puerto de la Cruz lett az els\u0151 \u00fcd\u00fcl\u0151hely.<\/p>\n<p><strong>T\u00f6meges turizmus.<\/strong> Az igazi \u00e1talakul\u00e1s az 1960-as \u00e9vekben k\u00f6vetkezett be a d\u00e9li Reina Sofia rep\u00fcl\u0151t\u00e9r fejleszt\u00e9s\u00e9vel, valamint a Playa de las Americas \u00e9s Los Cristianos partja ment\u00e9n tal\u00e1lhat\u00f3 nagy \u00fcd\u00fcl\u0151sz\u00e1llod\u00e1k \u00e9p\u00edt\u00e9s\u00e9vel. K\u00e9t \u00e9vtizeden bel\u00fcl a turizmus felv\u00e1ltotta a mez\u0151gazdas\u00e1got, mint a sziget els\u0151dleges gazdas\u00e1gi tev\u00e9kenys\u00e9g\u00e9t. Ma Tenerife \u00e9vente mintegy 6 milli\u00f3 l\u00e1togat\u00f3t fogad, \u00e9s ezzel a legl\u00e1togatottabb Kan\u00e1ri-szigetek k\u00f6z\u00e9 tartozik.<\/p>\n<h3><span class=\"ez-toc-section\" id=\"Tenerife_today\"><\/span>Tenerife ma<span class=\"ez-toc-section-end\"><\/span><\/h3>\n<p><img decoding=\"async\" class=\"alignnone size-full wp-image-17134\" src=\"https:\/\/canaryvip.com\/wp-content\/uploads\/2024\/04\/tenerifenow.webp\" alt=\"Tenerife ma: Tenerife t\u00f6rt\u00e9nete\" width=\"1376\" height=\"768\" title=\"\" srcset=\"https:\/\/canaryvip.com\/wp-content\/uploads\/2024\/04\/tenerifenow.webp 1376w, https:\/\/canaryvip.com\/wp-content\/uploads\/2024\/04\/tenerifenow-300x167.webp 300w, https:\/\/canaryvip.com\/wp-content\/uploads\/2024\/04\/tenerifenow-1024x572.webp 1024w, https:\/\/canaryvip.com\/wp-content\/uploads\/2024\/04\/tenerifenow-18x10.webp 18w, https:\/\/canaryvip.com\/wp-content\/uploads\/2024\/04\/tenerifenow-600x335.webp 600w\" sizes=\"(max-width: 1376px) 100vw, 1376px\" \/><\/p>\n<p>Tenerife Spanyolorsz\u00e1g auton\u00f3m k\u00f6z\u00f6ss\u00e9ge, saj\u00e1t szigetkorm\u00e1nyzattal (Cabildo). Lakoss\u00e1ga mintegy 950 000 f\u0151, ezzel a Kan\u00e1ri-szigetek legn\u00e9pesebb szigete \u00e9s Spanyolorsz\u00e1g legn\u00e9pesebb szigete. A f\u0151v\u00e1ros Santa Cruz de Tenerife.<\/p>\n<p>A spanyol a hivatalos nyelv. A kan\u00e1ri akcentus \u00e9s a sz\u00f3kincs elt\u00e9r a kontinent\u00e1lis spanyol nyelvt\u0151l, amelyet a portug\u00e1l, a guanche nyelv \u00e9s a latin-amerikai spanyol befoly\u00e1sol (az \u00e9vsz\u00e1zados kiv\u00e1ndorl\u00e1s \u00e9s visszat\u00e9r\u00e9s miatt).<\/p>\n<p>A gazdas\u00e1g t\u00falnyom\u00f3r\u00e9szt az idegenforgalomra \u00e9p\u00fcl, a szolg\u00e1ltat\u00e1sok a GDP mintegy 75% %-\u00e1t teszik ki. A mez\u0151gazdas\u00e1g (ban\u00e1n, paradicsom, burgonya, bor) \u00e9s az \u00e9p\u00edt\u0151ipar adja a fennmarad\u00f3 r\u00e9sz nagy r\u00e9sz\u00e9t. A sziget az EU tagja, de k\u00fcl\u00f6nleges gazdas\u00e1gi \u00f6vezetben \u00e9l, ahol az ad\u00f3k alacsonyabbak, mint a spanyol sz\u00e1razf\u00f6ld\u00f6n (IGIC az IVA helyett, jelenleg 7%).<\/p>\n<p>A guanche \u00f6r\u00f6ks\u00e9g m\u00e9g mindig l\u00e1that\u00f3 a helys\u00e9gnevekben (Tacoronte, Tegueste, Adeje, Guimar, Icod, Anaga), a gofi\u00f3ban (sok kan\u00e1ri m\u00e9g mindig naponta fogyasztja), a lucha canari\u00e1ban (a kan\u00e1ri birk\u00f3z\u00e1s, hagyom\u00e1nyos sport) \u00e9s a Virgen de Candelaria, a Kan\u00e1ri-szigetek v\u00e9d\u0151szentje ir\u00e1nti folyamatos tiszteletben, amelynek eredete a guanche istenn\u0151re, Chaxiraxira vezethet\u0151 vissza.<\/p>\n<h3><span class=\"ez-toc-section\" id=\"Where_to_see_Tenerifes_history\"><\/span>Hol l\u00e1thatja Tenerife t\u00f6rt\u00e9nelm\u00e9t<span class=\"ez-toc-section-end\"><\/span><\/h3>\n<p><strong>Museo de Naturaleza y Arqueologia (MUNA).<\/strong> Santa Cruzban. Tenerife f\u0151 r\u00e9g\u00e9szeti m\u00fazeuma. Guanche m\u00fami\u00e1kat, szersz\u00e1mokat, ker\u00e1mi\u00e1kat \u00e9s a Kan\u00e1ri-szigetek spanyolok el\u0151tti kult\u00far\u00e1j\u00e1r\u00f3l sz\u00f3l\u00f3 \u00e1tfog\u00f3 ki\u00e1ll\u00edt\u00e1si t\u00e1rgyakat mutat be.<\/p>\n<p><strong>La Laguna t\u00f6rt\u00e9nelmi k\u00f6zpontja.<\/strong> UNESCO vil\u00e1g\u00f6r\u00f6ks\u00e9gi helysz\u00edn. A r\u00e1csos elrendez\u00e9s, amely a spanyol gyarmati v\u00e1rosok mint\u00e1j\u00e1v\u00e1 v\u00e1lt. L\u00e1sd a <a href=\"https:\/\/canaryvip.com\/hu\/exploring-la-laguna-tenerife\/\"><strong>La Laguna \u00fatikalauz<\/strong><\/a>.<\/p>\n<p><strong>Piramides de Guimar.<\/strong> Hat l\u00e9pcs\u0151s piramis Guimarban, egy m\u00fazeummal, amely a spanyolok el\u0151tti kult\u00far\u00e1kkal val\u00f3 lehets\u00e9ges kapcsolatukat vizsg\u00e1lja. A helysz\u00ednt Thor Heyerdahl norv\u00e9g felfedez\u0151 kutatta.<\/p>\n<p><strong>Castillo de San Cristobal.<\/strong> A Santa Cruz-i er\u0151d maradv\u00e1nyai, ahol a spanyolok v\u00e9dekeztek Nelson t\u00e1mad\u00e1sa ellen. A k\u00f6zelben l\u00e1that\u00f3 az El Tigre \u00e1gy\u00fa.<\/p>\n<p><strong>Cueva de los Guanches.<\/strong> Icod de los Vinosban, a sziget egyik legr\u00e9gebbi r\u00e9g\u00e9szeti lel\u0151hely\u00e9n, ahol a Kr. e. 6. sz\u00e1zadb\u00f3l sz\u00e1rmaz\u00f3 lak\u00e1sokr\u00f3l van bizony\u00edt\u00e9k.<\/p>\n<p><strong>La Matanza \u00e9s La Victoria de Acentejo.<\/strong> K\u00e9t v\u00e1ros, amelyek neve sz\u00f3 szerint a spanyol h\u00f3d\u00edt\u00e1s k\u00e9t csat\u00e1j\u00e1t \u00f6r\u00f6k\u00edti meg: \u201cA m\u00e9sz\u00e1rl\u00e1s\u201d \u00e9s \u201cA gy\u0151zelem\u201d.<\/p>\n<h2><span class=\"ez-toc-section\" id=\"Explore_Tenerife_with_CanaryVIP\"><\/span>Fedezze fel Tenerif\u00e9t az CanaryVIP-vel<span class=\"ez-toc-section-end\"><\/span><\/h2>\n<p>Tenerife t\u00f6rt\u00e9nelmi \u00e9szaki r\u00e9sz\u00e9nek megtekint\u00e9se (La Laguna, La Orotava, Icod de los Vinos, Garachico), <a href=\"https:\/\/canaryvip.com\/hu\/tenerife\/guided-tours\/bus-tours\/\"><strong>Az CanaryVIP vezetett buszos t\u00far\u00e1i<\/strong><\/a> ezeket a meg\u00e1ll\u00f3kat a d\u00e9lr\u0151l \u00e9rkez\u0151 sz\u00e1llodai transzferrel egy\u00fctt. A sziget t\u00f6rt\u00e9nelm\u00e9t alak\u00edt\u00f3 vulkanikus t\u00e1jakr\u00f3l l\u00e1sd a <a href=\"https:\/\/canaryvip.com\/hu\/shop\/teide-guided-bus-tour\/\"><strong>Teide vezetett t\u00fara<\/strong><\/a>.<\/p>\n<p><strong><a href=\"https:\/\/canaryvip.com\/hu\/tenerife\/\">\u00d6sszes tenerifei kir\u00e1ndul\u00e1s keres\u00e9se<\/a><\/strong><\/p>","protected":false},"excerpt":{"rendered":"<p>A 2,000-year story in seven chapters Tenerife has a history that goes back more than two thousand years before the first tourist stepped off a plane. The island was home to an indigenous people who lived in isolation for over a millennium, fought one of the fiercest resistance campaigns against Spanish conquest in the 15th&#8230;<\/p>","protected":false},"author":4,"featured_media":17138,"comment_status":"open","ping_status":"closed","sticky":false,"template":"","format":"standard","meta":{"_acf_changed":false,"footnotes":""},"categories":[75],"tags":[],"class_list":["post-11170","post","type-post","status-publish","format-standard","has-post-thumbnail","hentry","category-culture-and-history"],"acf":[],"_links":{"self":[{"href":"https:\/\/canaryvip.com\/hu\/wp-json\/wp\/v2\/posts\/11170","targetHints":{"allow":["GET"]}}],"collection":[{"href":"https:\/\/canaryvip.com\/hu\/wp-json\/wp\/v2\/posts"}],"about":[{"href":"https:\/\/canaryvip.com\/hu\/wp-json\/wp\/v2\/types\/post"}],"author":[{"embeddable":true,"href":"https:\/\/canaryvip.com\/hu\/wp-json\/wp\/v2\/users\/4"}],"replies":[{"embeddable":true,"href":"https:\/\/canaryvip.com\/hu\/wp-json\/wp\/v2\/comments?post=11170"}],"version-history":[{"count":8,"href":"https:\/\/canaryvip.com\/hu\/wp-json\/wp\/v2\/posts\/11170\/revisions"}],"predecessor-version":[{"id":17142,"href":"https:\/\/canaryvip.com\/hu\/wp-json\/wp\/v2\/posts\/11170\/revisions\/17142"}],"wp:featuredmedia":[{"embeddable":true,"href":"https:\/\/canaryvip.com\/hu\/wp-json\/wp\/v2\/media\/17138"}],"wp:attachment":[{"href":"https:\/\/canaryvip.com\/hu\/wp-json\/wp\/v2\/media?parent=11170"}],"wp:term":[{"taxonomy":"category","embeddable":true,"href":"https:\/\/canaryvip.com\/hu\/wp-json\/wp\/v2\/categories?post=11170"},{"taxonomy":"post_tag","embeddable":true,"href":"https:\/\/canaryvip.com\/hu\/wp-json\/wp\/v2\/tags?post=11170"}],"curies":[{"name":"wp","href":"https:\/\/api.w.org\/{rel}","templated":true}]}}