{"id":11166,"date":"2024-05-09T03:09:30","date_gmt":"2024-05-09T02:09:30","guid":{"rendered":"https:\/\/canaryvip.com\/?p=11166"},"modified":"2026-04-10T23:12:15","modified_gmt":"2026-04-10T22:12:15","slug":"the-millennium-dragon-tree-of-icod-de-los-vinos","status":"publish","type":"post","link":"https:\/\/canaryvip.com\/hu\/the-millennium-dragon-tree-of-icod-de-los-vinos\/","title":{"rendered":"Az Icod de los Vinos-i Millenniumi S\u00e1rk\u00e1nyfa: Icodos: Fedezd fel a legend\u00e1t"},"content":{"rendered":"<p><img decoding=\"async\" class=\"wp-image-11235 alignnone\" src=\"https:\/\/canaryvip.com\/wp-content\/uploads\/2024\/04\/168-300x202.jpg\" alt=\"Drago Milenario Icod de los Vinos s\u00e1rk\u00e1nyfa Tenerife\" width=\"800\" height=\"539\" title=\"\" srcset=\"https:\/\/canaryvip.com\/wp-content\/uploads\/2024\/04\/168-300x202.jpg 300w, https:\/\/canaryvip.com\/wp-content\/uploads\/2024\/04\/168-1024x690.jpg 1024w, https:\/\/canaryvip.com\/wp-content\/uploads\/2024\/04\/168-18x12.jpg 18w, https:\/\/canaryvip.com\/wp-content\/uploads\/2024\/04\/168-1536x1034.jpg 1536w, https:\/\/canaryvip.com\/wp-content\/uploads\/2024\/04\/168-600x404.jpg 600w, https:\/\/canaryvip.com\/wp-content\/uploads\/2024\/04\/168.jpg 1604w\" sizes=\"(max-width: 800px) 100vw, 800px\" \/><\/p>\n<div id=\"ez-toc-container\" class=\"ez-toc-v2_0_82_2 counter-hierarchy ez-toc-counter ez-toc-custom ez-toc-container-direction\">\n<div class=\"ez-toc-title-container\">\n<p class=\"ez-toc-title\" style=\"cursor:inherit\">Tartalomjegyz\u00e9k<\/p>\n<span class=\"ez-toc-title-toggle\"><a href=\"#\" class=\"ez-toc-pull-right ez-toc-btn ez-toc-btn-xs ez-toc-btn-default ez-toc-toggle\" aria-label=\"Toggle Tartalomjegyz\u00e9k\"><span class=\"ez-toc-js-icon-con\"><span class=\"\"><span class=\"eztoc-hide\" style=\"display:none;\">Toggle<\/span><span class=\"ez-toc-icon-toggle-span\"><svg style=\"fill: #0a0000;color:#0a0000\" xmlns=\"http:\/\/www.w3.org\/2000\/svg\" class=\"list-377408\" width=\"20px\" height=\"20px\" viewbox=\"0 0 24 24\" fill=\"none\"><path d=\"M6 6H4v2h2V6zm14 0H8v2h12V6zM4 11h2v2H4v-2zm16 0H8v2h12v-2zM4 16h2v2H4v-2zm16 0H8v2h12v-2z\" fill=\"currentColor\"><\/path><\/svg><svg style=\"fill: #0a0000;color:#0a0000\" class=\"arrow-unsorted-368013\" xmlns=\"http:\/\/www.w3.org\/2000\/svg\" width=\"10px\" height=\"10px\" viewbox=\"0 0 24 24\" version=\"1.2\" baseprofile=\"tiny\"><path d=\"M18.2 9.3l-6.2-6.3-6.2 6.3c-.2.2-.3.4-.3.7s.1.5.3.7c.2.2.4.3.7.3h11c.3 0 .5-.1.7-.3.2-.2.3-.5.3-.7s-.1-.5-.3-.7zM5.8 14.7l6.2 6.3 6.2-6.3c.2-.2.3-.5.3-.7s-.1-.5-.3-.7c-.2-.2-.4-.3-.7-.3h-11c-.3 0-.5.1-.7.3-.2.2-.3.5-.3.7s.1.5.3.7z\"\/><\/svg><\/span><\/span><\/span><\/a><\/span><\/div>\n<nav><ul class='ez-toc-list ez-toc-list-level-1' ><li class='ez-toc-page-1 ez-toc-heading-level-2'><a class=\"ez-toc-link ez-toc-heading-1\" href=\"https:\/\/canaryvip.com\/hu\/the-millennium-dragon-tree-of-icod-de-los-vinos\/#The_Drago_Milenario_of_Icod_de_los_Vinos_Tenerifes_ancient_dragon_tree\" >Az Icod de los Vinos-i Drago Milenario: Tenerife \u0151si s\u00e1rk\u00e1nyf\u00e1ja<\/a><ul class='ez-toc-list-level-3' ><li class='ez-toc-heading-level-3'><a class=\"ez-toc-link ez-toc-heading-2\" href=\"https:\/\/canaryvip.com\/hu\/the-millennium-dragon-tree-of-icod-de-los-vinos\/#What_is_the_Drago_Milenario\" >Mi az a Drago Milenario?<\/a><\/li><li class='ez-toc-page-1 ez-toc-heading-level-3'><a class=\"ez-toc-link ez-toc-heading-3\" href=\"https:\/\/canaryvip.com\/hu\/the-millennium-dragon-tree-of-icod-de-los-vinos\/#How_old_is_the_Drago_Milenario_actually\" >H\u00e1ny \u00e9ves is val\u00f3j\u00e1ban a Drago Milenario?<\/a><\/li><li class='ez-toc-page-1 ez-toc-heading-level-3'><a class=\"ez-toc-link ez-toc-heading-4\" href=\"https:\/\/canaryvip.com\/hu\/the-millennium-dragon-tree-of-icod-de-los-vinos\/#Where_the_dragon_trees_name_comes_from\" >Honnan sz\u00e1rmazik a s\u00e1rk\u00e1nyfa neve<\/a><\/li><li class='ez-toc-page-1 ez-toc-heading-level-3'><a class=\"ez-toc-link ez-toc-heading-5\" href=\"https:\/\/canaryvip.com\/hu\/the-millennium-dragon-tree-of-icod-de-los-vinos\/#Visiting_Parque_del_Drago_in_Icod_de_los_Vinos\" >A Parque del Drago l\u00e1togat\u00e1sa Icod de los Vinosban<\/a><\/li><li class='ez-toc-page-1 ez-toc-heading-level-3'><a class=\"ez-toc-link ez-toc-heading-6\" href=\"https:\/\/canaryvip.com\/hu\/the-millennium-dragon-tree-of-icod-de-los-vinos\/#How_to_get_to_the_Drago_Milenario\" >Hogyan juthatsz el a Drago Milenario-hoz?<\/a><\/li><li class='ez-toc-page-1 ez-toc-heading-level-3'><a class=\"ez-toc-link ez-toc-heading-7\" href=\"https:\/\/canaryvip.com\/hu\/the-millennium-dragon-tree-of-icod-de-los-vinos\/#What_else_to_see_in_Icod_de_los_Vinos\" >Mi m\u00e1st \u00e9rdemes m\u00e9g l\u00e1tni Icod de los Vinosban<\/a><\/li><li class='ez-toc-page-1 ez-toc-heading-level-3'><a class=\"ez-toc-link ez-toc-heading-8\" href=\"https:\/\/canaryvip.com\/hu\/the-millennium-dragon-tree-of-icod-de-los-vinos\/#The_other_dragon_trees_of_Tenerife\" >A t\u00f6bbi s\u00e1rk\u00e1nyfa Tenerif\u00e9n<\/a><\/li><li class='ez-toc-page-1 ez-toc-heading-level-3'><a class=\"ez-toc-link ez-toc-heading-9\" href=\"https:\/\/canaryvip.com\/hu\/the-millennium-dragon-tree-of-icod-de-los-vinos\/#Tips_for_visiting_the_Drago_Milenario\" >Tippek a Drago Milenario l\u00e1togat\u00e1s\u00e1hoz<\/a><\/li><\/ul><\/li><li class='ez-toc-page-1 ez-toc-heading-level-2'><a class=\"ez-toc-link ez-toc-heading-10\" href=\"https:\/\/canaryvip.com\/hu\/the-millennium-dragon-tree-of-icod-de-los-vinos\/#Explore_north_Tenerife_with_CanaryVIP\" >Fedezze fel Tenerife \u00e9szaki r\u00e9sz\u00e9t az CanaryVIP-vel<\/a><\/li><\/ul><\/nav><\/div>\n<h2><span class=\"ez-toc-section\" id=\"The_Drago_Milenario_of_Icod_de_los_Vinos_Tenerifes_ancient_dragon_tree\"><\/span>Az Icod de los Vinos-i Drago Milenario: Tenerife \u0151si s\u00e1rk\u00e1nyf\u00e1ja<span class=\"ez-toc-section-end\"><\/span><\/h2>\n<p>Az Icod de los Vinosban tal\u00e1lhat\u00f3 Drago Milenario a vil\u00e1g legnagyobb \u00e9s legr\u00e9gebbi \u00e9l\u0151 s\u00e1rk\u00e1nyf\u00e1ja (Dracaena draco). Ez Tenerife egyik szimb\u00f3luma, 1917-ben nemzeti m\u0171eml\u00e9kk\u00e9 nyilv\u00e1n\u00edtott\u00e1k, \u00e9s a sziget egyik legl\u00e1togatottabb term\u00e9szeti l\u00e1tv\u00e1nyoss\u00e1ga. Ha l\u00e1tta m\u00e1r Tenerif\u00e9t b\u00e9lyegen vagy c\u00edmerk\u00e9pen, akkor val\u00f3sz\u00edn\u0171leg l\u00e1tta m\u00e1r ezt a f\u00e1t.<\/p>\n<p>Ez az \u00fatik\u00f6nyv bemutatja, hogy mi is val\u00f3j\u00e1ban a Drago Milenario, h\u00e1ny \u00e9ves is val\u00f3j\u00e1ban (a v\u00e1lasz \u00e9rdekesebb, mint a marketing), hogyan l\u00e1togathat\u00f3 meg a Parque del Drago Icod de los Vinosban, \u00e9s mit \u00e9rdemes m\u00e9g megn\u00e9zni a k\u00f6rny\u00e9ken.<\/p>\n<h3><span class=\"ez-toc-section\" id=\"What_is_the_Drago_Milenario\"><\/span>Mi az a Drago Milenario?<span class=\"ez-toc-section-end\"><\/span><\/h3>\n<p><img decoding=\"async\" class=\"wp-image-11230 alignnone\" src=\"https:\/\/canaryvip.com\/wp-content\/uploads\/2024\/04\/217-300x200.jpg\" alt=\"Drago Milenario s\u00e1rk\u00e1nyfa Icod m\u00e9retar\u00e1nyos m\u00e9retar\u00e1nya\" width=\"800\" height=\"533\" title=\"\" srcset=\"https:\/\/canaryvip.com\/wp-content\/uploads\/2024\/04\/217-300x200.jpg 300w, https:\/\/canaryvip.com\/wp-content\/uploads\/2024\/04\/217-1024x682.jpg 1024w, https:\/\/canaryvip.com\/wp-content\/uploads\/2024\/04\/217-18x12.jpg 18w, https:\/\/canaryvip.com\/wp-content\/uploads\/2024\/04\/217-1536x1024.jpg 1536w, https:\/\/canaryvip.com\/wp-content\/uploads\/2024\/04\/217-600x400.jpg 600w, https:\/\/canaryvip.com\/wp-content\/uploads\/2024\/04\/217.jpg 1620w\" sizes=\"(max-width: 800px) 100vw, 800px\" \/><\/p>\n<p>A Drago Milenario egy Dracaena draco (kan\u00e1ri-szigeteki s\u00e1rk\u00e1nyfa). A fa 20-21 m\u00e9ter magas, t\u00f6rzsk\u00f6rm\u00e9rete a t\u00f6v\u00e9n\u00e9l mintegy 20 m\u00e9ter, t\u00f6bb mint 300 f\u0151\u00e1gat sz\u00e1ml\u00e1l, s\u00falya pedig 140 tonn\u00e1ra becs\u00fclhet\u0151. A t\u00f6rzsben egy 6 m\u00e9ter magas \u00fcreg tal\u00e1lhat\u00f3, amelyhez egy ajt\u00f3n kereszt\u00fcl lehet hozz\u00e1f\u00e9rni, \u00e9s a belsej\u00e9ben egy ventil\u00e1tor biztos\u00edtja a szell\u0151z\u00e9st.<\/p>\n<p>Amikor a fa 1995-ben vir\u00e1gzott, mintegy 1800 vir\u00e1gz\u00f3 \u00e1ga volt, \u00e9s a term\u0151szezonban 3,5 tonn\u00e1t h\u00edzott. Ez ad egy k\u00e9pet a m\u00e9ret\u00e9r\u0151l.<\/p>\n<p>A s\u00e1rk\u00e1nyfa (Dracaena draco) a Kan\u00e1ri-szigeteken, Madeir\u00e1n, a Z\u00f6ld-foki szigeteken \u00e9s Marokk\u00f3 nyugati r\u00e9sz\u00e9n \u0151shonos. Az Icodban tal\u00e1lhat\u00f3 Drago Milenario a legh\u00edresebb l\u00e9tez\u0151 egyedi p\u00e9ld\u00e1ny \u00e9s a legnagyobb ismert p\u00e9ld\u00e1ny.<\/p>\n<h3><span class=\"ez-toc-section\" id=\"How_old_is_the_Drago_Milenario_actually\"><\/span>H\u00e1ny \u00e9ves is val\u00f3j\u00e1ban a Drago Milenario?<span class=\"ez-toc-section-end\"><\/span><\/h3>\n<p>Itt v\u00e1lik \u00e9rdekess\u00e9 a dolog. A f\u00e1t \u201cezer\u00e9ves\u201d-k\u00e9nt forgalmazz\u00e1k (a \u201cMilenario\u201d n\u00e9v sz\u00f3 szerint ezred\u00e9ves), a legt\u00f6bb turisztikai forr\u00e1s 800-1000 \u00e9vet eml\u00edt.<\/p>\n<p>Az \u0151szinte v\u00e1lasz: a kor vitatott. A s\u00e1rk\u00e1nyf\u00e1knak nincsenek \u00e9vgy\u0171r\u0171i, mint a norm\u00e1l f\u00e1knak, ami rendk\u00edv\u00fcl megnehez\u00edti a kormeghat\u00e1roz\u00e1st. A k\u00fcl\u00f6nb\u00f6z\u0151 tudom\u00e1nyos becsl\u00e9sek nagyon elt\u00e9r\u0151 k\u00f6vetkeztet\u00e9sekre jutottak:<\/p>\n<p>1907-ben a z\u00fcrichi Politechnikai Iskola professzorai 2500 \u00e9vesre becs\u00fcltek egy hasonl\u00f3 f\u00e1t Tenerif\u00e9n. Alexander von Humboldt egy m\u00e1sik s\u00e1rk\u00e1nyf\u00e1t (amely 1867-ben egy viharban d\u0151lt ki) t\u00f6bb ezer \u00e9vesnek tartott a szigeten. Egy Magdefrau nev\u0171 n\u00e9met botanikus azonban 1975-ben a n\u00f6veked\u00e9si \u00fctem elemz\u00e9se alapj\u00e1n 350 \u00e9vesre tette a Drago Milenario fels\u0151 hat\u00e1r\u00e1t. \u00dajabb tanulm\u00e1nyok 800 \u00e9s 1000 \u00e9v k\u00f6r\u00fcli \u00e9vsz\u00e1mot val\u00f3sz\u00edn\u0171s\u00edtenek.<\/p>\n<p>Az Icod v\u00e1ros \u00f6nkorm\u00e1nyzata \u00e1ltal haszn\u00e1lt hivatalos \u00e1ll\u00e1spont 800 \u00e9v. A val\u00f3di v\u00e1lasz teh\u00e1t: valahol 350 \u00e9s t\u00f6bb mint 1000 \u00e9v k\u00f6z\u00f6tt van, a 800 a leggyakrabban eml\u00edtett adat. Ak\u00e1rhogy is, el\u00e9g r\u00e9gi ahhoz, hogy leny\u0171g\u00f6z\u0151 legyen.<\/p>\n<h3><span class=\"ez-toc-section\" id=\"Where_the_dragon_trees_name_comes_from\"><\/span>Honnan sz\u00e1rmazik a s\u00e1rk\u00e1nyfa neve<span class=\"ez-toc-section-end\"><\/span><\/h3>\n<p>A s\u00e1rk\u00e1nyfa nev\u00e9t v\u00f6r\u00f6s gyant\u00e1j\u00e1r\u00f3l kapta, amelyet \u201cs\u00e1rk\u00e1nyv\u00e9rnek\u201d (sangre de drago) neveznek. Amikor a f\u00e1nak a k\u00e9rg\u00e9t vagy az \u00e1gait lev\u00e1gj\u00e1k, a fa viszk\u00f3zus, m\u00e9lyv\u00f6r\u00f6s nedvet bocs\u00e1t ki, amely megkem\u00e9nyedik. T\u00f6rt\u00e9nelmileg ezt a gyant\u00e1t gy\u00f3gy\u00e1szati tulajdons\u00e1gai miatt (fert\u0151tlen\u00edt\u0151szerk\u00e9nt \u00e9s sebkezel\u00e9sre haszn\u00e1lt\u00e1k), lakkk\u00e9nt \u00e9s fest\u00e9kk\u00e9nt is nagyra becs\u00fclt\u00e9k.<\/p>\n<p>A guancsok, a Kan\u00e1ri-szigetek spanyol gyarmatos\u00edt\u00e1s el\u0151tti \u0151slak\u00f3i, a s\u00e1rk\u00e1nyv\u00e9r gyant\u00e1j\u00e1t temetkez\u00e9si ritu\u00e1l\u00e9ikban \u00e9s gy\u00f3gy\u00e1szati c\u00e9lokra haszn\u00e1lt\u00e1k. A f\u00e1kat szentnek tartott\u00e1k. A spanyol h\u00f3d\u00edt\u00e1s ut\u00e1n a gyanta \u00e9rt\u00e9kes exportcikk\u00e9 v\u00e1lt a kontinent\u00e1lis Eur\u00f3p\u00e1ba.<\/p>\n<p>A t\u00f6rt\u00e9net mitol\u00f3giai v\u00e1ltozata sokkal dr\u00e1maibb: a fa \u00e1ll\u00edt\u00f3lag egy s\u00e1rk\u00e1ny ki\u00f6ml\u00f6tt v\u00e9r\u00e9b\u0151l n\u0151tt ki, amelyet Herkules \u00f6lt meg egyik munk\u00e1ja sor\u00e1n (a tizenegyedik, amikor aranyalm\u00e1t kellett ellopnia a Hesperid\u00e1k kertj\u00e9b\u0151l, amelyet a g\u00f6r\u00f6g geogr\u00e1fusok a Kan\u00e1ri-szigetekkel azonos\u00edtottak).<\/p>\n<h3><span class=\"ez-toc-section\" id=\"Visiting_Parque_del_Drago_in_Icod_de_los_Vinos\"><\/span>A Parque del Drago l\u00e1togat\u00e1sa Icod de los Vinosban<span class=\"ez-toc-section-end\"><\/span><\/h3>\n<p><img decoding=\"async\" class=\"wp-image-11227 alignnone\" src=\"https:\/\/canaryvip.com\/wp-content\/uploads\/2024\/04\/190839-300x200.jpg\" alt=\"Parque del Drago Icod botanikus kert l\u00e1togat\u00e1sa\" width=\"800\" height=\"533\" title=\"\" srcset=\"https:\/\/canaryvip.com\/wp-content\/uploads\/2024\/04\/190839-300x200.jpg 300w, https:\/\/canaryvip.com\/wp-content\/uploads\/2024\/04\/190839-1024x682.jpg 1024w, https:\/\/canaryvip.com\/wp-content\/uploads\/2024\/04\/190839-18x12.jpg 18w, https:\/\/canaryvip.com\/wp-content\/uploads\/2024\/04\/190839-1536x1024.jpg 1536w, https:\/\/canaryvip.com\/wp-content\/uploads\/2024\/04\/190839-600x400.jpg 600w, https:\/\/canaryvip.com\/wp-content\/uploads\/2024\/04\/190839.jpg 1620w\" sizes=\"(max-width: 800px) 100vw, 800px\" \/><\/p>\n<p>A Drago Milenario a Parque del Drag\u00f3ban, egy 3 hekt\u00e1ros botanikus kertben tal\u00e1lhat\u00f3 Icod de los Vinos k\u00f6zpontj\u00e1ban. A parkot az ezredfordul\u00f3n a fa k\u00f6r\u00fcl hozt\u00e1k l\u00e9tre, \u00e9s \u0151shonos kan\u00e1ri n\u00f6v\u00e9nyek gy\u0171jtem\u00e9ny\u00e9t tartalmazza, k\u00f6zt\u00fck fiatalabb Dracaena draco p\u00e9ld\u00e1nyokat, kardonokat, tabaib\u00e1kat \u00e9s m\u00e1s endemikus fajokat.<\/p>\n<p>A parkban a s\u00e1rk\u00e1nyf\u00e1n k\u00edv\u00fcl egy bor\u00e1szat \u00e9p\u00fclete, egy sz\u00e9nbunker \u00e9s egy barlang is tal\u00e1lhat\u00f3, ahol egy guanche-temet\u00e9s rekonstrukci\u00f3ja l\u00e1that\u00f3. Vannak s\u00e9tautak, jelz\u00e9sek \u00e9s kil\u00e1t\u00f3pontok. Azzal, hogy mindent felfedezzen, 45 perct\u0151l egy \u00f3r\u00e1ig terjed\u0151 id\u0151t t\u00f6lthet el, att\u00f3l f\u00fcgg\u0151en, hogy milyen temp\u00f3ban halad.<\/p>\n<p><strong>Parque del Drago nyitvatart\u00e1si id\u0151:<\/strong> Naponta, \u00e1ltal\u00e1ban 10 \u00e9s 18 \u00f3ra k\u00f6z\u00f6tt (okt\u00f3bert\u0151l m\u00e1rciusig). Ny\u00e1ron a nyitva tart\u00e1s meghosszabb\u00edthat\u00f3. Eg\u00e9sz \u00e9vben nyitva.<\/p>\n<p><strong>Parque del Drago bel\u00e9p\u0151jegy (2026):<\/strong><br \/>\n- Feln\u0151ttek: 5 \u20ac<br \/>\n- Di\u00e1kok \u00e9s nyugd\u00edjasok: 3 eur\u00f3<br \/>\n- 8 \u00e9v alatti gyermekek: 2,50 \u20ac<br \/>\n- Icod de los Vinos lakosai: ingyenes<\/p>\n<p><strong>Fontos \u0151szinte tipp:<\/strong> A Drago Milenario ingyenesen megtekinthet\u0151 a park melletti templomt\u00e9rr\u0151l (Plaza de la Iglesia). Sok l\u00e1togat\u00f3 megel\u00e9gszik csup\u00e1n ezzel a kil\u00e1t\u00e1ssal, \u00e9s kihagyja a bel\u00e9p\u0151d\u00edjat. A fizet\u0151s bel\u00e9p\u0151vel k\u00f6zelebbr\u0151l is bejuthatsz, megtekintheted a botanikus kertet \u00e9s a barlangot a guancsok temetkez\u00e9si pihen\u0151hely\u00e9vel. Hogy meg\u00e9ri-e az 5 eur\u00f3t, az att\u00f3l f\u00fcgg, mennyit szeretne l\u00e1tni.<\/p>\n<p><strong>C\u00edm:<\/strong> Parque del Drago, az Iglesia de San Marcos mellett, Icod de los Vinos.<\/p>\n<h3><span class=\"ez-toc-section\" id=\"How_to_get_to_the_Drago_Milenario\"><\/span>Hogyan juthatsz el a Drago Milenario-hoz?<span class=\"ez-toc-section-end\"><\/span><\/h3>\n<p><img decoding=\"async\" class=\"wp-image-11234 alignnone\" src=\"https:\/\/canaryvip.com\/wp-content\/uploads\/2024\/04\/3842-e1712974923383-300x215.jpg\" alt=\"Icod de los Vinos hogyan jutok el a Drago Milenario-hoz\" width=\"800\" height=\"574\" title=\"\" srcset=\"https:\/\/canaryvip.com\/wp-content\/uploads\/2024\/04\/3842-e1712974923383-300x215.jpg 300w, https:\/\/canaryvip.com\/wp-content\/uploads\/2024\/04\/3842-e1712974923383-1024x734.jpg 1024w, https:\/\/canaryvip.com\/wp-content\/uploads\/2024\/04\/3842-e1712974923383-18x12.jpg 18w, https:\/\/canaryvip.com\/wp-content\/uploads\/2024\/04\/3842-e1712974923383-600x430.jpg 600w, https:\/\/canaryvip.com\/wp-content\/uploads\/2024\/04\/3842-e1712974923383.jpg 1333w\" sizes=\"(max-width: 800px) 100vw, 800px\" \/><\/p>\n<p><strong>Aut\u00f3val:<\/strong> Icod de los Vinos Tenerife \u00e9szaki partj\u00e1n fekszik, k\u00f6r\u00fclbel\u00fcl 45 percre Santa Cruzt\u00f3l, 20 percre Puerto de la Cruzt\u00f3l, \u00e9s 1 \u00f3r\u00e1ra a d\u00e9li parti \u00fcd\u00fcl\u0151helyekt\u0151l (Costa Adeje, Playa de las Americas, Los Cristianos) a TF-1 \u00e9s TF-5 aut\u00f3p\u00e1ly\u00e1kon kereszt\u00fcl. Parkol\u00e1si lehet\u0151s\u00e9g a v\u00e1rosk\u00f6zpontban, bele\u00e9rtve a Parque del Drago k\u00f6zel\u00e9ben tal\u00e1lhat\u00f3 fizet\u0151s parkol\u00f3t is.<\/p>\n<p><strong>Busszal:<\/strong> A 363-as \u00e9s 354-es TITSA-buszj\u00e1ratok Icod de los Vinosba k\u00f6zlekednek. Utaz\u00e1s el\u0151tt ellen\u0151rizze a legfrissebb TITSA menetrendeket.<\/p>\n<p><strong>Vezetett t\u00fara:<\/strong> Sok <a href=\"https:\/\/canaryvip.com\/hu\/tenerife\/guided-tours\/bus-tours\/\"><strong>\u00c9szak-Tenerife vezetett buszos t\u00far\u00e1k<\/strong><\/a> Icod de los Vinos \u00e9s a Drago Milenario, valamint Garachico \u00e9s La Orotava standard meg\u00e1ll\u00f3k\u00e9nt szerepelnek. Hotelfelv\u00e9tellel Tenerife d\u00e9li r\u00e9sz\u00e9n. Ez a legegyszer\u0171bb lehet\u0151s\u00e9g, ha nem akarsz magad vezetni.<\/p>\n<h3><span class=\"ez-toc-section\" id=\"What_else_to_see_in_Icod_de_los_Vinos\"><\/span>Mi m\u00e1st \u00e9rdemes m\u00e9g l\u00e1tni Icod de los Vinosban<span class=\"ez-toc-section-end\"><\/span><\/h3>\n<p><img decoding=\"async\" class=\"wp-image-11228 alignnone\" src=\"https:\/\/canaryvip.com\/wp-content\/uploads\/2024\/04\/7664-300x200.jpg\" alt=\"Icod de los Vinos v\u00e1ros mit l\u00e1tni Tenerife\" width=\"800\" height=\"533\" title=\"\" srcset=\"https:\/\/canaryvip.com\/wp-content\/uploads\/2024\/04\/7664-300x200.jpg 300w, https:\/\/canaryvip.com\/wp-content\/uploads\/2024\/04\/7664-1024x682.jpg 1024w, https:\/\/canaryvip.com\/wp-content\/uploads\/2024\/04\/7664-18x12.jpg 18w, https:\/\/canaryvip.com\/wp-content\/uploads\/2024\/04\/7664-1536x1024.jpg 1536w, https:\/\/canaryvip.com\/wp-content\/uploads\/2024\/04\/7664-600x400.jpg 600w, https:\/\/canaryvip.com\/wp-content\/uploads\/2024\/04\/7664.jpg 1620w\" sizes=\"(max-width: 800px) 100vw, 800px\" \/><\/p>\n<p>Ne csak megl\u00e1togasd a s\u00e1rk\u00e1nyf\u00e1t \u00e9s menj el. Icod de los Vinos egy kellemes, hagyom\u00e1nyos v\u00e1roska, amelyet \u00e9rdemes felfedezni egy-k\u00e9t \u00f3r\u00e1ra a Parque del Drag\u00f3n t\u00fal.<\/p>\n<p><strong>Iglesia de San Marcos.<\/strong> A 16. sz\u00e1zadi templom a Parque del Drago mellett. Belsej\u00e9ben egy figyelemre m\u00e9lt\u00f3 ez\u00fcstsz\u00edn\u0171 mexik\u00f3i st\u00edlus\u00fa kereszt tal\u00e1lhat\u00f3. A bel\u00e9p\u00e9s ingyenes.<\/p>\n<p><strong>Plaza de la Iglesia.<\/strong> A f\u0151t\u00e9r k\u00f6zvetlen\u00fcl a s\u00e1rk\u00e1nyfa mellett, ahonnan a parkon k\u00edv\u00fclr\u0151l a legjobb szabad kil\u00e1t\u00e1s ny\u00edlik a Drago Milenariora.<\/p>\n<p><strong>Mariposario del Drago.<\/strong> Egy pillang\u00f3kert k\u00f6zvetlen\u00fcl a Parque del Drago mellett. \u00c9rdemes megl\u00e1togatni, ha m\u00e1r ott van gyerekekkel.<\/p>\n<p><strong>Cueva del Viento.<\/strong> Eur\u00f3pa egyik leghosszabb vulkanikus cs\u0151barlangrendszere (kb. 18 km felt\u00e9rk\u00e9pezett j\u00e1rat, amelyb\u0151l egy kis r\u00e9sz l\u00e1togathat\u00f3). Icod k\u00fclv\u00e1ros\u00e1ban tal\u00e1lhat\u00f3. A l\u00e1togat\u00e1s vezetett \u00e9s el\u0151zetes bejelentkez\u00e9shez k\u00f6t\u00f6tt. Igazi cs\u00facspont, ha \u00e9rdekli a geol\u00f3gia.<\/p>\n<p><strong>A v\u00e1rosk\u00f6zpont.<\/strong> Macskak\u00f6ves utc\u00e1k, hagyom\u00e1nyos kan\u00e1ri \u00e9p\u00edt\u00e9szet, kis \u00fczletek \u00e9s sz\u00e1mos boroz\u00f3. Icod de los Vinos jelent\u00e9se \u201cA borok Icodja\u201d, \u00e9s t\u00f6rt\u00e9nelmileg bortermel\u0151 ter\u00fclet volt. Sz\u00e1mos helyi bodegas k\u00e9sz\u00edt borokat a k\u00f6rnyez\u0151 hegyek vulkanikus talaj\u00e1b\u00f3l.<\/p>\n<h3><span class=\"ez-toc-section\" id=\"The_other_dragon_trees_of_Tenerife\"><\/span>A t\u00f6bbi s\u00e1rk\u00e1nyfa Tenerif\u00e9n<span class=\"ez-toc-section-end\"><\/span><\/h3>\n<p>A Drago Milenario nem az egyetlen Dracaena draco a szigeten. Fiatalabb s\u00e1rk\u00e1nyf\u00e1kat is tal\u00e1lsz:<\/p>\n<p><strong>Parque del Drago maga<\/strong> (kisebb p\u00e9ld\u00e1nyok a botanikus kertben a h\u00edres mellett).<\/p>\n<p><strong>El Drago de Pino Santo<\/strong> Tacoronte-ban, egy m\u00e1sik figyelemre m\u00e9lt\u00f3 r\u00e9gi p\u00e9ld\u00e1ny.<\/p>\n<p><strong>Anaga \u00e9s Teno hegyei<\/strong>, ahol n\u00e9h\u00e1ny nehezen megk\u00f6zel\u00edthet\u0151 helyen m\u00e9g mindig vad s\u00e1rk\u00e1nyf\u00e1k n\u0151nek.<\/p>\n<p><strong>Sok mag\u00e1nkert<\/strong> az eg\u00e9sz szigeten. Lass\u00fa n\u00f6veked\u00e9s\u0171 fa, de d\u00edszn\u00f6v\u00e9nyk\u00e9nt termesztik.<\/p>\n<p>Az Icodban tal\u00e1lhat\u00f3 Drago Milenario a legnagyobb \u00e9s legh\u00edresebb, de maga a faj sokkal elterjedtebb, mint azt a legt\u00f6bb l\u00e1togat\u00f3 gondoln\u00e1.<\/p>\n<h3><span class=\"ez-toc-section\" id=\"Tips_for_visiting_the_Drago_Milenario\"><\/span>Tippek a Drago Milenario l\u00e1togat\u00e1s\u00e1hoz<span class=\"ez-toc-section-end\"><\/span><\/h3>\n<p><strong>Kombin\u00e1lhat\u00f3 m\u00e1s \u00e9szaki meg\u00e1ll\u00f3kkal.<\/strong> Icod az \u00e9szaki parton tal\u00e1lhat\u00f3, \u00e9s j\u00f3l m\u0171k\u00f6dik egy egynapos kir\u00e1ndul\u00e1s r\u00e9szek\u00e9nt, amely a k\u00f6vetkez\u0151ket foglalja mag\u00e1ban <a href=\"https:\/\/canaryvip.com\/hu\/swimming-in-garachicos-natural-lava-pools\/\"><strong>Garachico<\/strong><\/a> (10 percnyire nyugatra, a h\u00edres term\u00e9szetes l\u00e1va medenc\u00e9kkel), Puerto de la Cruz (15 percnyire keletre), \u00e9s <a href=\"https:\/\/canaryvip.com\/hu\/the-streets-of-la-orotava-walk-through-history\/\"><strong>La Orotava<\/strong><\/a> (25 percnyire keletre). A d\u00e9li partr\u00f3l mindezeket egyetlen nap alatt el\u00e9rheti.<\/p>\n<p><strong>Hagyjon 1-2 \u00f3r\u00e1t v\u00e1rni.<\/strong> Ha bel\u00e9p\u0151t fizet a Parque del Drago parkba, sz\u00e1moljon k\u00f6r\u00fclbel\u00fcl egy \u00f3r\u00e1val. Ha csak a templomt\u00e9rr\u0151l n\u00e9zel\u0151dik, 15-20 perc is elegend\u0151.<\/p>\n<p><strong>Viseljen k\u00e9nyelmes cip\u0151t.<\/strong> A parki utak t\u00f6bbnyire rendben vannak, de Icod v\u00e1rosk\u00f6zpontja macskak\u00f6ves utc\u00e1kkal \u00e9s lejt\u0151kkel tark\u00edtott.<\/p>\n<p><strong>Ne v\u00e1rd, hogy meg\u00e9rintsd a f\u00e1t.<\/strong> V\u00e9dett \u00e9s elker\u00edtett. El\u00e9g k\u00f6zel lehet ker\u00fclni a fot\u00f3khoz, de val\u00f3j\u00e1ban nem lehet el\u00e9rni.<\/p>\n<p><strong>Reggeli l\u00e1togat\u00e1s.<\/strong> H\u0171v\u00f6sebb, csendesebb \u00e9s jobb f\u00e9ny a f\u00e9nyk\u00e9pekhez. A turistabuszok \u00e1ltal\u00e1ban k\u00e9s\u0151 d\u00e9lel\u0151tt \u00e9s kora d\u00e9lut\u00e1n \u00e9rkeznek.<\/p>\n<h2><span class=\"ez-toc-section\" id=\"Explore_north_Tenerife_with_CanaryVIP\"><\/span>Fedezze fel Tenerife \u00e9szaki r\u00e9sz\u00e9t az CanaryVIP-vel<span class=\"ez-toc-section-end\"><\/span><\/h2>\n<p><a href=\"https:\/\/canaryvip.com\/hu\/tenerife\/guided-tours\/bus-tours\/\"><strong>\u00c9szak-Tenerife vezetett buszos t\u00far\u00e1k<\/strong><\/a> az CanaryVIP-r\u0151l Icod de los Vinos \u00e9s a Drago Milenario, valamint Garachico, La Orotava \u00e9s m\u00e1s \u00e9szaki l\u00e1tnival\u00f3k. A sz\u00e1lloda felsz\u00e1ll\u00e1sa Tenerife d\u00e9li r\u00e9sz\u00e9r\u0151l benne foglaltatik. <a href=\"https:\/\/canaryvip.com\/hu\/tenerife\/guided-tours\/jeep-tours\/\"><strong>Jeep t\u00far\u00e1k<\/strong><\/a> \u00e9szak t\u00e1volabbi ter\u00fcleteire is eljutnak.<\/p>\n<p><strong><a href=\"https:\/\/canaryvip.com\/hu\/tenerife\/\">\u00d6sszes tenerifei kir\u00e1ndul\u00e1s keres\u00e9se<\/a><\/strong><\/p>","protected":false},"excerpt":{"rendered":"<p>The Drago Milenario of Icod de los Vinos: Tenerife&#8217;s ancient dragon tree The Drago Milenario in Icod de los Vinos is the largest and oldest living dragon tree (Dracaena draco) in the world. It&#8217;s one of the symbols of Tenerife, declared a national monument in 1917, and one of the most visited natural attractions on&#8230;<\/p>","protected":false},"author":4,"featured_media":11253,"comment_status":"open","ping_status":"closed","sticky":false,"template":"","format":"standard","meta":{"_acf_changed":false,"footnotes":""},"categories":[75],"tags":[87,129],"class_list":["post-11166","post","type-post","status-publish","format-standard","has-post-thumbnail","hentry","category-culture-and-history","tag-tenerife","tag-tree-in-tenerife"],"acf":[],"_links":{"self":[{"href":"https:\/\/canaryvip.com\/hu\/wp-json\/wp\/v2\/posts\/11166","targetHints":{"allow":["GET"]}}],"collection":[{"href":"https:\/\/canaryvip.com\/hu\/wp-json\/wp\/v2\/posts"}],"about":[{"href":"https:\/\/canaryvip.com\/hu\/wp-json\/wp\/v2\/types\/post"}],"author":[{"embeddable":true,"href":"https:\/\/canaryvip.com\/hu\/wp-json\/wp\/v2\/users\/4"}],"replies":[{"embeddable":true,"href":"https:\/\/canaryvip.com\/hu\/wp-json\/wp\/v2\/comments?post=11166"}],"version-history":[{"count":7,"href":"https:\/\/canaryvip.com\/hu\/wp-json\/wp\/v2\/posts\/11166\/revisions"}],"predecessor-version":[{"id":17124,"href":"https:\/\/canaryvip.com\/hu\/wp-json\/wp\/v2\/posts\/11166\/revisions\/17124"}],"wp:featuredmedia":[{"embeddable":true,"href":"https:\/\/canaryvip.com\/hu\/wp-json\/wp\/v2\/media\/11253"}],"wp:attachment":[{"href":"https:\/\/canaryvip.com\/hu\/wp-json\/wp\/v2\/media?parent=11166"}],"wp:term":[{"taxonomy":"category","embeddable":true,"href":"https:\/\/canaryvip.com\/hu\/wp-json\/wp\/v2\/categories?post=11166"},{"taxonomy":"post_tag","embeddable":true,"href":"https:\/\/canaryvip.com\/hu\/wp-json\/wp\/v2\/tags?post=11166"}],"curies":[{"name":"wp","href":"https:\/\/api.w.org\/{rel}","templated":true}]}}