{"id":11164,"date":"2024-07-17T14:03:45","date_gmt":"2024-07-17T13:03:45","guid":{"rendered":"https:\/\/canaryvip.com\/?p=11164"},"modified":"2026-04-08T12:16:52","modified_gmt":"2026-04-08T11:16:52","slug":"la-laguna-the-world-heritage-city-in-tenerife","status":"publish","type":"post","link":"https:\/\/canaryvip.com\/hu\/la-laguna-the-world-heritage-city-in-tenerife\/","title":{"rendered":"La Laguna: La Laguna: S\u00e9ta a vil\u00e1g\u00f6r\u00f6ks\u00e9g r\u00e9sz\u00e9t k\u00e9pez\u0151 tenerifei v\u00e1rosban (Friss\u00edtve 2026. \u00e1prilis)"},"content":{"rendered":"<div id=\"ez-toc-container\" class=\"ez-toc-v2_0_82_2 counter-hierarchy ez-toc-counter ez-toc-custom ez-toc-container-direction\">\n<div class=\"ez-toc-title-container\">\n<p class=\"ez-toc-title\" style=\"cursor:inherit\">Tartalomjegyz\u00e9k<\/p>\n<span class=\"ez-toc-title-toggle\"><a href=\"#\" class=\"ez-toc-pull-right ez-toc-btn ez-toc-btn-xs ez-toc-btn-default ez-toc-toggle\" aria-label=\"Toggle Tartalomjegyz\u00e9k\"><span class=\"ez-toc-js-icon-con\"><span class=\"\"><span class=\"eztoc-hide\" style=\"display:none;\">Toggle<\/span><span class=\"ez-toc-icon-toggle-span\"><svg style=\"fill: #0a0000;color:#0a0000\" xmlns=\"http:\/\/www.w3.org\/2000\/svg\" class=\"list-377408\" width=\"20px\" height=\"20px\" viewbox=\"0 0 24 24\" fill=\"none\"><path d=\"M6 6H4v2h2V6zm14 0H8v2h12V6zM4 11h2v2H4v-2zm16 0H8v2h12v-2zM4 16h2v2H4v-2zm16 0H8v2h12v-2z\" fill=\"currentColor\"><\/path><\/svg><svg style=\"fill: #0a0000;color:#0a0000\" class=\"arrow-unsorted-368013\" xmlns=\"http:\/\/www.w3.org\/2000\/svg\" width=\"10px\" height=\"10px\" viewbox=\"0 0 24 24\" version=\"1.2\" baseprofile=\"tiny\"><path d=\"M18.2 9.3l-6.2-6.3-6.2 6.3c-.2.2-.3.4-.3.7s.1.5.3.7c.2.2.4.3.7.3h11c.3 0 .5-.1.7-.3.2-.2.3-.5.3-.7s-.1-.5-.3-.7zM5.8 14.7l6.2 6.3 6.2-6.3c.2-.2.3-.5.3-.7s-.1-.5-.3-.7c-.2-.2-.4-.3-.7-.3h-11c-.3 0-.5.1-.7.3-.2.2-.3.5-.3.7s.1.5.3.7z\"\/><\/svg><\/span><\/span><\/span><\/a><\/span><\/div>\n<nav><ul class='ez-toc-list ez-toc-list-level-1' ><li class='ez-toc-page-1 ez-toc-heading-level-2'><a class=\"ez-toc-link ez-toc-heading-1\" href=\"https:\/\/canaryvip.com\/hu\/la-laguna-the-world-heritage-city-in-tenerife\/#La_Laguna_Tenerife_what_to_see_and_why_its_worth_your_time\" >La Laguna, Tenerife: mit \u00e9rdemes megn\u00e9zni \u00e9s mi\u00e9rt \u00e9rdemes id\u0151t sz\u00e1nni r\u00e1<\/a><ul class='ez-toc-list-level-3' ><li class='ez-toc-heading-level-3'><a class=\"ez-toc-link ez-toc-heading-2\" href=\"https:\/\/canaryvip.com\/hu\/la-laguna-the-world-heritage-city-in-tenerife\/#What_to_see_in_La_Laguna\" >L\u00e1tnival\u00f3k La Laguna v\u00e1ros\u00e1ban<\/a><\/li><li class='ez-toc-page-1 ez-toc-heading-level-3'><a class=\"ez-toc-link ez-toc-heading-3\" href=\"https:\/\/canaryvip.com\/hu\/la-laguna-the-world-heritage-city-in-tenerife\/#How_to_spend_a_day_in_La_Laguna\" >Hogyan t\u00f6lts\u00f6n el egy napot La Lagun\u00e1ban<\/a><\/li><li class='ez-toc-page-1 ez-toc-heading-level-3'><a class=\"ez-toc-link ez-toc-heading-4\" href=\"https:\/\/canaryvip.com\/hu\/la-laguna-the-world-heritage-city-in-tenerife\/#How_long_should_you_spend_in_La_Laguna\" >Mennyi id\u0151t \u00e9rdemes La Lagun\u00e1ban t\u00f6lteni?<\/a><\/li><li class='ez-toc-page-1 ez-toc-heading-level-3'><a class=\"ez-toc-link ez-toc-heading-5\" href=\"https:\/\/canaryvip.com\/hu\/la-laguna-the-world-heritage-city-in-tenerife\/#Getting_to_La_Laguna\" >Eljut\u00e1s La Lagun\u00e1ba<\/a><\/li><li class='ez-toc-page-1 ez-toc-heading-level-3'><a class=\"ez-toc-link ez-toc-heading-6\" href=\"https:\/\/canaryvip.com\/hu\/la-laguna-the-world-heritage-city-in-tenerife\/#Practical_tips\" >Gyakorlati tippek<\/a><\/li><li class='ez-toc-page-1 ez-toc-heading-level-3'><a class=\"ez-toc-link ez-toc-heading-7\" href=\"https:\/\/canaryvip.com\/hu\/la-laguna-the-world-heritage-city-in-tenerife\/#What_else_to_do_in_north_Tenerife\" >Mi m\u00e1st \u00e9rdemes tenni Tenerife \u00e9szaki r\u00e9sz\u00e9n<\/a><\/li><\/ul><\/li><li class='ez-toc-page-1 ez-toc-heading-level-2'><a class=\"ez-toc-link ez-toc-heading-8\" href=\"https:\/\/canaryvip.com\/hu\/la-laguna-the-world-heritage-city-in-tenerife\/#Explore_Tenerife_with_CanaryVIP\" >Fedezze fel Tenerif\u00e9t az CanaryVIP-vel<\/a><\/li><\/ul><\/nav><\/div>\n<h2><span class=\"ez-toc-section\" id=\"La_Laguna_Tenerife_what_to_see_and_why_its_worth_your_time\"><\/span>La Laguna, Tenerife: mit \u00e9rdemes megn\u00e9zni \u00e9s mi\u00e9rt \u00e9rdemes id\u0151t sz\u00e1nni r\u00e1<span class=\"ez-toc-section-end\"><\/span><\/h2>\n<p><img decoding=\"async\" class=\"alignnone wp-image-11195\" title=\"La Laguna Tenerife\" src=\"https:\/\/canaryvip.com\/wp-content\/uploads\/2024\/04\/1758-300x200.jpg\" alt=\"La Laguna Tenerife UNESCO \u00f3v\u00e1ros\" width=\"800\" height=\"534\" srcset=\"https:\/\/canaryvip.com\/wp-content\/uploads\/2024\/04\/1758-300x200.jpg 300w, https:\/\/canaryvip.com\/wp-content\/uploads\/2024\/04\/1758-1024x683.jpg 1024w, https:\/\/canaryvip.com\/wp-content\/uploads\/2024\/04\/1758-18x12.jpg 18w, https:\/\/canaryvip.com\/wp-content\/uploads\/2024\/04\/1758-1536x1025.jpg 1536w, https:\/\/canaryvip.com\/wp-content\/uploads\/2024\/04\/1758-600x400.jpg 600w, https:\/\/canaryvip.com\/wp-content\/uploads\/2024\/04\/1758.jpg 1619w\" sizes=\"(max-width: 800px) 100vw, 800px\" \/><\/p>\n<p>A legt\u00f6bb tenerifei l\u00e1togat\u00f3 soha nem hagyja el a d\u00e9li tengerparti \u00fcd\u00fcl\u0151helyeket. Ez nagy k\u00e1r, mert egy \u00f3r\u00e1val \u00e9szakabbra van egy olyan v\u00e1ros, amely teljesen m\u00e1s orsz\u00e1gnak t\u0171nik. San Cristobal de La Laguna (mindenki csak La Lagun\u00e1nak h\u00edvja) Tenerife egykori f\u0151v\u00e1rosa, 1999 \u00f3ta az UNESCO Vil\u00e1g\u00f6r\u00f6ks\u00e9g r\u00e9sze, \u00e9s Spanyolorsz\u00e1g egyik leghangulatosabb kisv\u00e1rosa. Ha d\u00e9len tart\u00f3zkodik, \u00e9s nincs b\u00e9relt aut\u00f3ja, a legegyszer\u0171bb m\u00f3dja a l\u00e1togat\u00e1snak, hogy a <a href=\"https:\/\/canaryvip.com\/hu\/shop\/tenerife-north-guided-bus-tour\/\"><strong>CanaryVIP \u00c9szak-Tenerife vezetett buszos t\u00fara<\/strong><\/a>, amely mag\u00e1ban foglalja La Lagun\u00e1t, valamint Anag\u00e1t \u00e9s m\u00e1s \u00e9szaki parti l\u00e1tnival\u00f3kat, a sz\u00e1llodai felsz\u00e1ll\u00e1st is bele\u00e9rtve.<\/p>\n<p>Az utc\u00e1kat sz\u00ednes, 15-17. sz\u00e1zadi gyarmati k\u00fari\u00e1k szeg\u00e9lyezik. Egy egyetem is van, amely fiatalos, \u00e9l\u00e9nk energi\u00e1t ad a helynek. Az \u00e9telek jobbak \u00e9s olcs\u00f3bbak, mint a turist\u00e1k \u00e1ltal l\u00e1togatott d\u00e9li r\u00e9szen. \u00c9s az \u00fcd\u00fcl\u0151helyekkel ellent\u00e9tben itt a kan\u00e1ri lakosok val\u00f3ban \u00e9lnek, dolgoznak \u00e9s t\u00e1rsas\u00e1gi \u00e9letet \u00e9lnek. Ha l\u00e1tni szeretn\u00e9, hogy milyen Tenerife, amikor nem pr\u00f3b\u00e1l eladni egy kir\u00e1ndul\u00e1st, La Laguna a megfelel\u0151 hely.<\/p>\n<p>A v\u00e1ros r\u00e1csos alaprajz\u00e1t az 1400-as \u00e9vek v\u00e9g\u00e9n a renesz\u00e1nsz \u201cide\u00e1lis v\u00e1ros\u201d mint\u00e1jak\u00e9nt tervezt\u00e9k, \u00e9s ez k\u00e9s\u0151bb hat\u00e1ssal volt Havanna, Lima, Cartagena de Indias \u00e9s m\u00e1s amerikai gyarmati v\u00e1rosok v\u00e1rostervez\u00e9s\u00e9re. Ha ma v\u00e9gigs\u00e9t\u00e1lunk az \u00f3v\u00e1roson, ez az eredeti strukt\u00fara m\u00e9g mindig teljesen \u00e9rintetlen.<\/p>\n<h3><span class=\"ez-toc-section\" id=\"What_to_see_in_La_Laguna\"><\/span>L\u00e1tnival\u00f3k La Laguna v\u00e1ros\u00e1ban<span class=\"ez-toc-section-end\"><\/span><\/h3>\n<p><img decoding=\"async\" class=\"alignnone wp-image-11198\" title=\"La Laguna l\u00e1tnival\u00f3k\" src=\"https:\/\/canaryvip.com\/wp-content\/uploads\/2024\/04\/10811-300x200.jpg\" alt=\"La Laguna katedr\u00e1lis \u00e9s t\u00f6rt\u00e9nelmi \u00e9p\u00fcletek\" width=\"800\" height=\"533\" srcset=\"https:\/\/canaryvip.com\/wp-content\/uploads\/2024\/04\/10811-300x200.jpg 300w, https:\/\/canaryvip.com\/wp-content\/uploads\/2024\/04\/10811-1024x682.jpg 1024w, https:\/\/canaryvip.com\/wp-content\/uploads\/2024\/04\/10811-18x12.jpg 18w, https:\/\/canaryvip.com\/wp-content\/uploads\/2024\/04\/10811-1536x1024.jpg 1536w, https:\/\/canaryvip.com\/wp-content\/uploads\/2024\/04\/10811-600x400.jpg 600w, https:\/\/canaryvip.com\/wp-content\/uploads\/2024\/04\/10811.jpg 1620w\" sizes=\"(max-width: 800px) 100vw, 800px\" \/><\/p>\n<p>La Laguna el\u00e9g kompakt ahhoz, hogy minden, amit \u00e9rdemes megn\u00e9zni, gyalogosan el\u00e9rhet\u0151 legyen. \u00cdme a legfontosabb l\u00e1tnival\u00f3k:<\/p>\n<p><strong>Plaza del Adelantado.<\/strong> A f\u0151t\u00e9r \u00e9s minden l\u00e1togat\u00e1s term\u00e9szetes kiindul\u00f3pontja. A v\u00e1rosh\u00e1za (Ayuntamiento), a Palacio de Nava (egy 16. sz\u00e1zadi palota, amelyben barokk, manierista \u00e9s neoklasszicista elemek keverednek) \u00e9s a Santa Catalina kolostor veszi k\u00f6r\u00fcl. Igyon egy k\u00e1v\u00e9t az egyik teraszon, \u00e9s n\u00e9zze egy darabig a v\u00e1rost.<\/p>\n<p><strong>San Cristobal de La Laguna katedr\u00e1lisa.<\/strong> Tenerife egyetlen katedr\u00e1lisa. A jelenlegi \u00e9p\u00fclet az 1900-as \u00e9vek elej\u00e9r\u0151l sz\u00e1rmazik, b\u00e1r a 16. sz\u00e1zad \u00f3ta \u00e1ll ezen a helyen templom. A neoklasszicista homlokzatot a pamplonai katedr\u00e1lis ihlette. Bel\u00fcl egy 16. sz\u00e1zadi barokk olt\u00e1rk\u00e9p \u00e9s Cristobal Hernandez de Quintana, az 1700-as \u00e9vek fontos tenerifei m\u0171v\u00e9sz\u00e9nek festm\u00e9nyei l\u00e1that\u00f3k. A bel\u00e9p\u00e9s ingyenes; audio- idegenvezet\u00e9s t\u00e9r\u00edt\u00e9s ellen\u00e9ben vehet\u0151 ig\u00e9nybe.<\/p>\n<p><strong>Iglesia de la Concepcion.<\/strong> A sziget legr\u00e9gebbi temploma, amelyet 1948-ban kultur\u00e1lis m\u0171eml\u00e9kk\u00e9 nyilv\u00e1n\u00edtottak. Harangtornya (k\u00f6zel 28 m\u00e9ter magas) La Laguna egyik legfelismerhet\u0151bb nevezetess\u00e9ge, \u00e9s a h\u00e1ztet\u0151kre ny\u00edl\u00f3 panor\u00e1m\u00e1s kil\u00e1t\u00e1s \u00e9rdek\u00e9ben megm\u00e1szhat\u00f3. Bel\u00fcl a francia Verau m\u0171v\u00e9sz faragott c\u00e9drusf\u00e1b\u00f3l k\u00e9sz\u00fclt sz\u00f3sz\u00e9k\u00e9t \u00e9rdemes megn\u00e9zni.<\/p>\n<p><strong>Calle San Agustin.<\/strong> Az \u00f3v\u00e1ros legeleg\u00e1nsabb utc\u00e1ja, amelyet gyarmati k\u00fari\u00e1k szeg\u00e9lyeznek, k\u00f6zt\u00fck a Casa Salazar (kan\u00e1ri barokk, ma a p\u00fcsp\u00f6ki palota, benne m\u0171v\u00e9szeti ki\u00e1ll\u00edt\u00e1sokkal) \u00e9s a Palacio de Lercaro, amely a tenerifei T\u00f6rt\u00e9nelmi \u00e9s Antropol\u00f3giai M\u00fazeumnak ad otthont.<\/p>\n<p><strong>Museo de Historia y Antropologia (Casa Lercaro).<\/strong> Ez a legjobb m\u00fazeum La Lagun\u00e1ban, \u00e9s az egyik leg\u00e9rdekesebb a szigeten. Egy 16. sz\u00e1zadi k\u00fari\u00e1ban tal\u00e1lhat\u00f3, \u00e9s Tenerife t\u00f6rt\u00e9nelm\u00e9t mutatja be a guanche \u0151slakosok kor\u00e1t\u00f3l kezdve a gyarmatos\u00edt\u00e1son \u00e1t eg\u00e9szen a modern korig. Keddt\u0151l vas\u00e1rnapig tart nyitva (a nyitva tart\u00e1s naponta v\u00e1ltozik, l\u00e1togat\u00e1s el\u0151tt t\u00e1j\u00e9koz\u00f3djon). A bel\u00e9p\u0151 \u00e1ra 5 EUR k\u00f6r\u00fcl van.<\/p>\n<p><strong>Casa Salazar.<\/strong> A 17. sz\u00e1zadi kast\u00e9ly a v\u00e1ros legszebb kan\u00e1ri barokk r\u00e9szleteivel, k\u00f6zt\u00fck v\u00edzk\u00f6p\u0151kkel \u00e9s d\u00edszes homlokzattal. A kast\u00e9ly 2006-ban t\u0171zv\u00e9szben megs\u00e9r\u00fclt, de gondosan helyre\u00e1ll\u00edtott\u00e1k. A bels\u0151 udvarokat \u00e9s teraszokat akkor is \u00e9rdemes megn\u00e9zni, ha nem megy\u00fcnk be.<\/p>\n<p><strong>Santo Domingo de Guzman templom.<\/strong> A 16. sz\u00e1zadi templom meglep\u0151en egyszer\u0171 k\u00fcls\u0151vel, amely d\u00edszes bels\u0151 teret rejt. A s\u00f6t\u00e9t harangtorony h\u00e1rom harangj\u00e1val sz\u00e9p kontrasztot alkot a h\u00edresebb Concepcion-toronnyal.<\/p>\n<h3><span class=\"ez-toc-section\" id=\"How_to_spend_a_day_in_La_Laguna\"><\/span>Hogyan t\u00f6lts\u00f6n el egy napot La Lagun\u00e1ban<span class=\"ez-toc-section-end\"><\/span><\/h3>\n<p><img decoding=\"async\" class=\"alignnone wp-image-11193\" title=\"Egy nap La Lagun\u00e1ban\" src=\"https:\/\/canaryvip.com\/wp-content\/uploads\/2024\/04\/1759-300x182.jpg\" alt=\"La Laguna egynapos gyalogos t\u00fara\" width=\"800\" height=\"486\" srcset=\"https:\/\/canaryvip.com\/wp-content\/uploads\/2024\/04\/1759-300x182.jpg 300w, https:\/\/canaryvip.com\/wp-content\/uploads\/2024\/04\/1759-1024x622.jpg 1024w, https:\/\/canaryvip.com\/wp-content\/uploads\/2024\/04\/1759-18x12.jpg 18w, https:\/\/canaryvip.com\/wp-content\/uploads\/2024\/04\/1759-1536x932.jpg 1536w, https:\/\/canaryvip.com\/wp-content\/uploads\/2024\/04\/1759-600x364.jpg 600w, https:\/\/canaryvip.com\/wp-content\/uploads\/2024\/04\/1759.jpg 1779w\" sizes=\"(max-width: 800px) 100vw, 800px\" \/><\/p>\n<p>Egy teljes nap elegend\u0151 a f\u0151bb l\u00e1tnival\u00f3k megtekint\u00e9s\u00e9hez \u00e9s a hangulat megismer\u00e9s\u00e9hez. \u00cdme egy praktikus \u00fatvonal:<\/p>\n<p>Kezdje a d\u00e9lel\u0151tti \u00f3r\u00e1kban a <strong>Plaza del Adelantado<\/strong>. Igyon egy k\u00e1v\u00e9t, t\u00e1j\u00e9koz\u00f3djon, \u00e9s n\u00e9zze meg a Palacio de Nava-t \u00e9s a kolostor homlokzat\u00e1t. Onnan s\u00e9t\u00e1ljon lefel\u00e9 <strong>Calle San Agustin<\/strong>, meg\u00e1ll a Casa Salazar \u00e9s a T\u00f6rt\u00e9nelmi M\u00fazeumban (ha bemegy\u00fcnk a m\u00fazeumba, sz\u00e1moljunk egy \u00f3r\u00e1t).<\/p>\n<p>Tov\u00e1bb a <strong>Katedr\u00e1lis<\/strong>, majd vissza a <strong>Iglesia de la Concepcion<\/strong>. Ha nyitva van, m\u00e1sszon fel a harangtoronyba a kil\u00e1t\u00e1s\u00e9rt.<\/p>\n<p>Eb\u00e9dre hagyja ki a f\u0151terek k\u00f6r\u00fcli turistal\u00e1tv\u00e1nyoss\u00e1gokat, \u00e9s keressen egy helyi \u00e9ttermet vagy b\u00e1rt egy mell\u00e9kutc\u00e1ban. A La Laguna kiv\u00e1l\u00f3, megfizethet\u0151 \u00e9teleket k\u00edn\u00e1l. Papas arrugadas mojo m\u00e1rt\u00e1ssal, grillezett h\u00fasok, friss halak \u00e9s kan\u00e1ri sajtok mind k\u00f6nnyen megtal\u00e1lhat\u00f3k. Egy teljes eb\u00e9d borral egy\u00fctt a legt\u00f6bb helyen 12-20 eur\u00f3ba ker\u00fcl fejenk\u00e9nt. Ha kalandv\u00e1gy\u00f3nak \u00e9rzi mag\u00e1t, menjen ki a k\u00f6zpontb\u00f3l, hogy tal\u00e1ljon egy <strong>guachinche<\/strong> (egy hagyom\u00e1nyos csal\u00e1di \u00e9tterem, ahol h\u00e1zi k\u00e9sz\u00edt\u00e9s\u0171 borokat \u00e9s egyszer\u0171 \u00e9teleket szolg\u00e1lnak fel alacsony \u00e1ron).<\/p>\n<p>T\u00f6ltse a d\u00e9lut\u00e1nt az \u00f3v\u00e1ros kisebb utc\u00e1in barangolva. Sok gyarmati h\u00e1znak van bels\u0151 udvara, amelybe a nyitott ajt\u00f3kon kereszt\u00fcl bepillanthat. A csendesebb utc\u00e1kban tal\u00e1lhat\u00f3 f\u00fcggetlen boltok, k\u00f6nyvesboltok \u00e9s k\u00e9zm\u0171vesboltok k\u00f6z\u00f6tt \u00e9rdemes b\u00f6ng\u00e9szni.<\/p>\n<p>Ha a nap v\u00e9g\u00e9n van id\u0151d, az \u00f3v\u00e1ros k\u00f6r\u00fcli b\u00e1rok \u00e9s k\u00e1v\u00e9z\u00f3k val\u00f3ban helyi hangulatot \u00e1rasztanak, amely teljesen elt\u00e9r az \u00fcd\u00fcl\u0151helyek \u00e9jszakai \u00e9let\u00e9t\u0151l. La Laguna egyetemi v\u00e1ros, \u00e9s ez est\u00e9nk\u00e9nt meg is l\u00e1tszik.<\/p>\n<h3><span class=\"ez-toc-section\" id=\"How_long_should_you_spend_in_La_Laguna\"><\/span>Mennyi id\u0151t \u00e9rdemes La Lagun\u00e1ban t\u00f6lteni?<span class=\"ez-toc-section-end\"><\/span><\/h3>\n<p><img decoding=\"async\" class=\"alignnone wp-image-11194\" title=\"La Laguna l\u00e1togat\u00e1s\u00e1nak id\u0151tartama\" src=\"https:\/\/canaryvip.com\/wp-content\/uploads\/2024\/04\/1757-300x200.jpg\" alt=\"La Laguna mennyi ideig l\u00e1togathat\u00f3\" width=\"800\" height=\"533\" srcset=\"https:\/\/canaryvip.com\/wp-content\/uploads\/2024\/04\/1757-300x200.jpg 300w, https:\/\/canaryvip.com\/wp-content\/uploads\/2024\/04\/1757-1024x682.jpg 1024w, https:\/\/canaryvip.com\/wp-content\/uploads\/2024\/04\/1757-18x12.jpg 18w, https:\/\/canaryvip.com\/wp-content\/uploads\/2024\/04\/1757-1536x1024.jpg 1536w, https:\/\/canaryvip.com\/wp-content\/uploads\/2024\/04\/1757-600x400.jpg 600w, https:\/\/canaryvip.com\/wp-content\/uploads\/2024\/04\/1757.jpg 1620w\" sizes=\"(max-width: 800px) 100vw, 800px\" \/><\/p>\n<p>Egy egynapos kir\u00e1ndul\u00e1ssal k\u00e9nyelmesen bej\u00e1rhatja a f\u0151bb l\u00e1tnival\u00f3kat. Ha szereted a t\u00f6rt\u00e9nelmi v\u00e1rosokat, \u00e9s nem akarsz rohang\u00e1lni, k\u00e9t nap lehet\u0151v\u00e9 teszi, hogy megfelel\u0151en megl\u00e1togasd a m\u00fazeumokat, t\u00f6bb helyi helyen egy\u00e9l, \u00e9s felfedezd a k\u00f6rny\u00e9ket.<\/p>\n<p>La Laguna is j\u00f3l m\u0171k\u00f6dik, mint egy b\u00e1zis l\u00e1togat\u00e1s\u00e1hoz <strong>Anaga vid\u00e9ki park<\/strong> (UNESCO Bioszf\u00e9ra Rezerv\u00e1tum \u0151si bab\u00e9rerd\u0151kkel \u00e9s l\u00e1tv\u00e1nyos t\u00far\u00e1z\u00e1si lehet\u0151s\u00e9gekkel, kb. 20 perc aut\u00f3\u00fatra a v\u00e1rosk\u00f6zpontt\u00f3l) \u00e9s az \u00e9szaki parton fekv\u0151 v\u00e1rosok, mint <strong>Bajamar<\/strong> \u00e9s <strong>Punta del Hidalgo<\/strong> (amelyek vulkanikus term\u00e9szetes medenc\u00e9kkel rendelkeznek). Ha egy vagy k\u00e9t \u00e9jszak\u00e1t La Lagun\u00e1ban t\u00f6lt el, mindezekhez k\u00f6nnyen hozz\u00e1f\u00e9rhet.<\/p>\n<p>Ez is csak egy r\u00f6vid villamos\u00fatra van a <strong>Santa Cruz de Tenerife<\/strong>, a sziget f\u0151v\u00e1rosa, ahol j\u00f3 bev\u00e1s\u00e1rl\u00e1si lehet\u0151s\u00e9gek vannak (Calle del Castillo), az ikonikus Mercado de Nuestra Senora de Africa \u00e9s a Santiago Calatrava \u00e1ltal tervezett Auditorio de Tenerife koncertterem.<\/p>\n<h3><span class=\"ez-toc-section\" id=\"Getting_to_La_Laguna\"><\/span>Eljut\u00e1s La Lagun\u00e1ba<span class=\"ez-toc-section-end\"><\/span><\/h3>\n<p><img decoding=\"async\" class=\"alignnone wp-image-11196\" title=\"Eljut\u00e1s La Laguna Tenerif\u00e9re\" src=\"https:\/\/canaryvip.com\/wp-content\/uploads\/2024\/04\/13008-300x200.jpg\" alt=\"La Laguna k\u00f6zleked\u00e9s villamos busz aut\u00f3\" width=\"800\" height=\"533\" srcset=\"https:\/\/canaryvip.com\/wp-content\/uploads\/2024\/04\/13008-300x200.jpg 300w, https:\/\/canaryvip.com\/wp-content\/uploads\/2024\/04\/13008-1024x682.jpg 1024w, https:\/\/canaryvip.com\/wp-content\/uploads\/2024\/04\/13008-18x12.jpg 18w, https:\/\/canaryvip.com\/wp-content\/uploads\/2024\/04\/13008-1536x1024.jpg 1536w, https:\/\/canaryvip.com\/wp-content\/uploads\/2024\/04\/13008-600x400.jpg 600w, https:\/\/canaryvip.com\/wp-content\/uploads\/2024\/04\/13008.jpg 1620w\" sizes=\"(max-width: 800px) 100vw, 800px\" \/><\/p>\n<p><strong>D\u00e9lr\u0151l (Costa Adeje \/ Playa de las Americas):<\/strong> K\u00f6r\u00fclbel\u00fcl 1 \u00f3ra aut\u00f3val a TF-1 aut\u00f3p\u00e1ly\u00e1n kereszt\u00fcl, vagy 1 \u00f3ra 15 perc TITSA busszal (110-es gyorsj\u00e1rat Santa Cruzig, majd villamos La Lagun\u00e1ig). A villamos kb. 20 percig tart Santa Cruz \u00e9s La Laguna k\u00f6z\u00f6tt, \u00e9s gyakran j\u00e1r.<\/p>\n<p><strong>Tenerife \u00e9szaki rep\u00fcl\u0151ter\u00e9r\u0151l:<\/strong> La Laguna mind\u00f6ssze 3 km-re fekszik a TFN rep\u00fcl\u0151t\u00e9rt\u0151l. A rep\u00fcl\u0151t\u00e9r \u00e9s a v\u00e1ros k\u00f6z\u00f6tt a 20-as buszj\u00e1rat k\u00f6zlekedik. A taxi 10 percet vesz ig\u00e9nybe.<\/p>\n<p><strong>Parkol\u00e1s:<\/strong> Az Aparcamiento Adelantado ingyenes parkol\u00e1si lehet\u0151s\u00e9get k\u00edn\u00e1l a t\u00f6rt\u00e9nelmi k\u00f6zpont sz\u00e9l\u00e9n, a Plaza del Adelantado t\u00e9ren. A parkol\u00f3 24 \u00f3r\u00e1n \u00e1t nyitva tart. Maga az \u00f3v\u00e1ros nagyr\u00e9szt s\u00e9t\u00e1l\u00f3utc\u00e1s, ez\u00e9rt \u00e9rdemes a v\u00e1ros sz\u00e9l\u00e9n parkolni, \u00e9s gyalog bej\u00e1rni.<\/p>\n<p><strong>Vezetett t\u00fara:<\/strong> A <a href=\"https:\/\/canaryvip.com\/hu\/shop\/tenerife-north-guided-bus-tour\/\"><strong>CanaryVIP \u00c9szak-Tenerife vezetett buszos t\u00fara<\/strong><\/a> egy eg\u00e9sz napos kir\u00e1ndul\u00e1s r\u00e9szek\u00e9nt La Lagun\u00e1t is mag\u00e1ban foglalja, amely az Anaga vid\u00e9ki parkot \u00e9s m\u00e1s \u00e9szaki parti l\u00e1tnival\u00f3kat is \u00e9rint. A d\u00e9li sz\u00e1llod\u00e1b\u00f3l val\u00f3 elsz\u00e1ll\u00edt\u00e1st is tartalmazza, \u00edgy ez a legegyszer\u0171bb megold\u00e1s, ha nem akar aut\u00f3t b\u00e9relni.<\/p>\n<h3><span class=\"ez-toc-section\" id=\"Practical_tips\"><\/span>Gyakorlati tippek<span class=\"ez-toc-section-end\"><\/span><\/h3>\n<p><img decoding=\"async\" class=\"alignnone wp-image-11192\" title=\"La Laguna tippek turist\u00e1knak\" src=\"https:\/\/canaryvip.com\/wp-content\/uploads\/2024\/04\/4493-300x217.jpg\" alt=\"La Laguna turisztikai tippek gyakorlati tan\u00e1csok\" width=\"800\" height=\"578\" srcset=\"https:\/\/canaryvip.com\/wp-content\/uploads\/2024\/04\/4493-300x217.jpg 300w, https:\/\/canaryvip.com\/wp-content\/uploads\/2024\/04\/4493-1024x739.jpg 1024w, https:\/\/canaryvip.com\/wp-content\/uploads\/2024\/04\/4493-18x12.jpg 18w, https:\/\/canaryvip.com\/wp-content\/uploads\/2024\/04\/4493-1536x1109.jpg 1536w, https:\/\/canaryvip.com\/wp-content\/uploads\/2024\/04\/4493-600x433.jpg 600w, https:\/\/canaryvip.com\/wp-content\/uploads\/2024\/04\/4493.jpg 1496w\" sizes=\"(max-width: 800px) 100vw, 800px\" \/><\/p>\n<p><strong>Viseljen k\u00e9nyelmes cip\u0151t.<\/strong> Az utc\u00e1k macskak\u00f6vesek, \u00e9s eg\u00e9sz nap talpon leszel. A szand\u00e1l \u00e9s a magassark\u00fa cip\u0151 itt rossz \u00f6tlet.<\/p>\n<p><strong>Hozzon egy r\u00e9teget.<\/strong> La Laguna k\u00f6r\u00fclbel\u00fcl 550 m\u00e9terrel a tengerszint felett fekszik, \u00e9s a d\u00e9li partn\u00e1l \u00e9szrevehet\u0151en h\u0171v\u00f6sebb, gyakran 5-10\u00b0C-kal. A tengerpart napos id\u0151j\u00e1r\u00e1sakor is lehet borult az id\u0151. \u00c9rdemes egy k\u00f6nny\u0171 kab\u00e1tot vagy kapucnis pul\u00f3vert magunkkal vinni.<\/p>\n<p><strong>Az eb\u00e9did\u0151 sz\u00e1m\u00edt.<\/strong> A legt\u00f6bb \u00e9tterem 13 \u00e9s 16 \u00f3ra k\u00f6z\u00f6tt szolg\u00e1l fel eb\u00e9det. Ezeken az \u00f3r\u00e1kon k\u00edv\u00fcl a lehet\u0151s\u00e9gek a tapasb\u00e1rokra \u00e9s k\u00e1v\u00e9z\u00f3kra korl\u00e1toz\u00f3dnak. A vacsora jellemz\u0151en este 8 \u00f3r\u00e1t\u00f3l kezd\u0151dik.<\/p>\n<p><strong>N\u00e9h\u00e1ny \u00fczlet d\u00e9lut\u00e1n bez\u00e1r.<\/strong> A hagyom\u00e1nyos v\u00e1llalkoz\u00e1sok m\u00e9g mindig tartanak sz\u00fcnetet nagyj\u00e1b\u00f3l 14 \u00e9s 17 \u00f3ra k\u00f6z\u00f6tt. Az \u00e9ttermek nyitva tartanak, de n\u00e9h\u00e1ny kisebb \u00fczlet ebben az id\u0151szakban z\u00e1rva tart.<\/p>\n<p><strong>Tanulj meg k\u00e9t sz\u00f3t.<\/strong> Egy egyszer\u0171 \u201chola\u201d, amikor bel\u00e9psz egy \u00fczletbe, \u00e9s egy \u201cgracias\u201d, amikor t\u00e1vozol, sokat jelent. Az emberek \u00e9szreveszik \u00e9s \u00e9rt\u00e9kelik.<\/p>\n<p><strong>A villamos kiv\u00e1l\u00f3.<\/strong> Ha La Lagun\u00e1t Santa Cruzzal kombin\u00e1lja, a k\u00e9t v\u00e1ros k\u00f6z\u00f6tti villamosj\u00e1rat gyors, gyakori \u00e9s olcs\u00f3. A Ten+ k\u00e1rty\u00e1val kedvezm\u00e9nyesen utazhat.<\/p>\n<h3><span class=\"ez-toc-section\" id=\"What_else_to_do_in_north_Tenerife\"><\/span>Mi m\u00e1st \u00e9rdemes tenni Tenerife \u00e9szaki r\u00e9sz\u00e9n<span class=\"ez-toc-section-end\"><\/span><\/h3>\n<p><img decoding=\"async\" class=\"alignnone wp-image-11197\" title=\"\u00c9szak-Tenerife tennival\u00f3i\" src=\"https:\/\/canaryvip.com\/wp-content\/uploads\/2024\/04\/13015-300x219.jpg\" alt=\"\u00c9szak-Tenerife Anaga sz\u00f3rakoz\u00e1s\" width=\"800\" height=\"583\" srcset=\"https:\/\/canaryvip.com\/wp-content\/uploads\/2024\/04\/13015-300x219.jpg 300w, https:\/\/canaryvip.com\/wp-content\/uploads\/2024\/04\/13015-1024x746.jpg 1024w, https:\/\/canaryvip.com\/wp-content\/uploads\/2024\/04\/13015-16x12.jpg 16w, https:\/\/canaryvip.com\/wp-content\/uploads\/2024\/04\/13015-1536x1120.jpg 1536w, https:\/\/canaryvip.com\/wp-content\/uploads\/2024\/04\/13015-600x437.jpg 600w, https:\/\/canaryvip.com\/wp-content\/uploads\/2024\/04\/13015.jpg 1481w\" sizes=\"(max-width: 800px) 100vw, 800px\" \/><\/p>\n<p>La Laguna a kapu Tenerife \u00e9szaki r\u00e9sz\u00e9nek t\u00f6bbi r\u00e9sze fel\u00e9, \u00e9s itt m\u00e9g rengeteg l\u00e1tnival\u00f3t tal\u00e1lunk:<\/p>\n<p><strong>Anaga vid\u00e9ki park<\/strong> a kiemelked\u0151. \u0150si bab\u00e9rerd\u0151k, k\u00f6d\u00f6s hegygerinceken \u00e1t vezet\u0151 t\u00fara\u00fatvonalak \u00e9s dr\u00e1mai tengerparti kil\u00e1t\u00f3pontok. Ez az UNESCO bioszf\u00e9ra-rezerv\u00e1tum, \u00e9s Eur\u00f3pa egyik legv\u00e1ltozatosabb \u00e9l\u0151vil\u00e1g\u00fa helye. Az \u00fatvonalak a k\u00f6nny\u0171 s\u00e9t\u00e1kt\u00f3l az eg\u00e9sz napos t\u00far\u00e1kig terjednek.<\/p>\n<p><strong>La Orotava<\/strong> egy hegyoldalban fekv\u0151 v\u00e1roska, hagyom\u00e1nyos kan\u00e1ri erk\u00e9lyes h\u00e1zakkal, botanikus kertekkel \u00e9s az Orotava-v\u00f6lgyre ny\u00edl\u00f3 kil\u00e1t\u00e1ssal. La Lagun\u00e1t\u00f3l mintegy 30 percre nyugatra.<\/p>\n<p><strong>Garachico<\/strong> term\u00e9szetes vulkanikus sziklamedenc\u00e9kkel \u00e9s a sziget egyik legjobban meg\u0151rz\u00f6tt koloni\u00e1lis \u00e9p\u00edt\u00e9szeti eml\u00e9k\u00e9vel rendelkezik. K\u00f6r\u00fclbel\u00fcl 50 percre van La Lagun\u00e1t\u00f3l.<\/p>\n<p><strong>Tacoronte-Acentejo borvid\u00e9k.<\/strong> A La Laguna \u00e9s az \u00e9szaki part k\u00f6z\u00f6tti sz\u0151l\u0151\u00fcltetv\u00e9nyek \u00e9rdekes borokat termelnek vulkanikus talajb\u00f3l. Sz\u00e1mos bodeg\u00e1ban k\u00f3stol\u00f3kat k\u00edn\u00e1lnak. Egy guachinche-eb\u00e9ddel kombin\u00e1lva ez egy nagyszer\u0171 f\u00e9lnapos kir\u00e1ndul\u00e1st tesz lehet\u0151v\u00e9.<\/p>\n<p>Azoknak a l\u00e1togat\u00f3knak, akik \u00e9szak legjobbjait szeretn\u00e9k megismerni an\u00e9lk\u00fcl, hogy mindent maguk szervezn\u00e9nek meg, aj\u00e1nljuk a <a href=\"https:\/\/canaryvip.com\/hu\/shop\/tenerife-north-guided-bus-tour\/\"><strong>CanaryVIP \u00c9szak-Tenerife vezetett buszos t\u00fara<\/strong><\/a> La Lagun\u00e1t, Anag\u00e1t \u00e9s m\u00e1s nevezetess\u00e9geket fed le egyetlen nap alatt, d\u00e9lr\u0151l t\u00f6rt\u00e9n\u0151 sz\u00e1llodai felsz\u00e1ll\u00e1ssal.<\/p>\n<p>Az \u00fcd\u00fcl\u0151helyeken esti sz\u00f3rakoz\u00e1sra a k\u00f6vetkez\u0151 lehet\u0151s\u00e9gek \u00e1llnak rendelkez\u00e9sre <a href=\"https:\/\/canaryvip.com\/hu\/shop\/book-scandal-dinner-show\/\"><strong>Scandal vacsora show<\/strong><\/a>, <a href=\"https:\/\/canaryvip.com\/hu\/tenerife\/evening-shows\/\">esti m\u0171sorok<\/a>, \u00e9s a d\u00e9li part \u00e9jszakai \u00e9let\u00e9t. T\u00e9maparkok, mint p\u00e9ld\u00e1ul <a href=\"https:\/\/canaryvip.com\/hu\/tenerife\/theme-parks\/siam-park-tickets\/\"><strong>Siam Park<\/strong><\/a> \u00e9s <a href=\"https:\/\/canaryvip.com\/hu\/tenerife\/theme-parks\/loro-parque-tickets\/\"><strong>Loro Parque<\/strong><\/a> (a k\u00f6zeli Puerto de la Cruzban) szint\u00e9n k\u00f6nny\u0171 kir\u00e1ndul\u00e1s d\u00e9lr\u0151l.<\/p>\n<h2><span class=\"ez-toc-section\" id=\"Explore_Tenerife_with_CanaryVIP\"><\/span>Fedezze fel Tenerif\u00e9t az CanaryVIP-vel<span class=\"ez-toc-section-end\"><\/span><\/h2>\n<p><a href=\"https:\/\/canaryvip.com\/hu\/\"><strong>CanaryVIP<\/strong><\/a> aj\u00e1nlatok <a href=\"https:\/\/canaryvip.com\/hu\/tenerife\/guided-tours\/\">vezetett t\u00far\u00e1k<\/a>, <a href=\"https:\/\/canaryvip.com\/hu\/tenerife\/boat-excursions\/\">haj\u00f3kir\u00e1ndul\u00e1sok<\/a>, <a href=\"https:\/\/canaryvip.com\/hu\/tenerife\/water-sports\/\">v\u00edzi sportok<\/a>, \u00e9s <a href=\"https:\/\/canaryvip.com\/hu\/tenerife\/theme-parks\/\">vid\u00e1mparki jegyek<\/a> Tenerife-szerte. Minden foglal\u00e1s tartalmazza <strong>Legjobb \u00e1r garancia<\/strong> \u00e9s a legt\u00f6bb tev\u00e9kenys\u00e9g mag\u00e1ban foglalja a sz\u00e1llodai elsz\u00e1ll\u00edt\u00e1st a f\u0151bb d\u00e9li \u00fcd\u00fcl\u0151helyekr\u0151l.<\/p>\n<p><strong><a href=\"https:\/\/canaryvip.com\/hu\/tenerife\/\">B\u00f6ng\u00e9sszen az \u00f6sszes tenerifei kir\u00e1ndul\u00e1s \u00e9s tev\u00e9kenys\u00e9g k\u00f6z\u00f6tt itt<\/a><\/strong><\/p>","protected":false},"excerpt":{"rendered":"<p>La Laguna, Tenerife: what to see and why it&#8217;s worth your time Most visitors to Tenerife never leave the southern beach resorts. That&#8217;s a shame, because an hour north there&#8217;s a city that feels like a different country entirely. San Cristobal de La Laguna (everyone just calls it La Laguna) is Tenerife&#8217;s former capital, a&#8230;<\/p>","protected":false},"author":4,"featured_media":11195,"comment_status":"open","ping_status":"closed","sticky":false,"template":"","format":"standard","meta":{"_acf_changed":false,"footnotes":""},"categories":[75],"tags":[],"class_list":["post-11164","post","type-post","status-publish","format-standard","has-post-thumbnail","hentry","category-culture-and-history"],"acf":[],"_links":{"self":[{"href":"https:\/\/canaryvip.com\/hu\/wp-json\/wp\/v2\/posts\/11164","targetHints":{"allow":["GET"]}}],"collection":[{"href":"https:\/\/canaryvip.com\/hu\/wp-json\/wp\/v2\/posts"}],"about":[{"href":"https:\/\/canaryvip.com\/hu\/wp-json\/wp\/v2\/types\/post"}],"author":[{"embeddable":true,"href":"https:\/\/canaryvip.com\/hu\/wp-json\/wp\/v2\/users\/4"}],"replies":[{"embeddable":true,"href":"https:\/\/canaryvip.com\/hu\/wp-json\/wp\/v2\/comments?post=11164"}],"version-history":[{"count":9,"href":"https:\/\/canaryvip.com\/hu\/wp-json\/wp\/v2\/posts\/11164\/revisions"}],"predecessor-version":[{"id":17017,"href":"https:\/\/canaryvip.com\/hu\/wp-json\/wp\/v2\/posts\/11164\/revisions\/17017"}],"wp:featuredmedia":[{"embeddable":true,"href":"https:\/\/canaryvip.com\/hu\/wp-json\/wp\/v2\/media\/11195"}],"wp:attachment":[{"href":"https:\/\/canaryvip.com\/hu\/wp-json\/wp\/v2\/media?parent=11164"}],"wp:term":[{"taxonomy":"category","embeddable":true,"href":"https:\/\/canaryvip.com\/hu\/wp-json\/wp\/v2\/categories?post=11164"},{"taxonomy":"post_tag","embeddable":true,"href":"https:\/\/canaryvip.com\/hu\/wp-json\/wp\/v2\/tags?post=11164"}],"curies":[{"name":"wp","href":"https:\/\/api.w.org\/{rel}","templated":true}]}}