{"id":11035,"date":"2024-07-20T12:46:49","date_gmt":"2024-07-20T11:46:49","guid":{"rendered":"https:\/\/canaryvip.com\/?p=11035"},"modified":"2026-04-08T23:31:09","modified_gmt":"2026-04-08T22:31:09","slug":"relaxation-on-tenerifes-hidden-beaches","status":"publish","type":"post","link":"https:\/\/canaryvip.com\/hu\/relaxation-on-tenerifes-hidden-beaches\/","title":{"rendered":"Csendes Tenerife: rejtett strandok, helyi v\u00e1rosok \u00e9s a t\u00f6megekt\u0151l t\u00e1vol es\u0151 helyek"},"content":{"rendered":"<div id=\"ez-toc-container\" class=\"ez-toc-v2_0_82_2 counter-hierarchy ez-toc-counter ez-toc-custom ez-toc-container-direction\">\n<div class=\"ez-toc-title-container\">\n<p class=\"ez-toc-title\" style=\"cursor:inherit\">Tartalomjegyz\u00e9k<\/p>\n<span class=\"ez-toc-title-toggle\"><a href=\"#\" class=\"ez-toc-pull-right ez-toc-btn ez-toc-btn-xs ez-toc-btn-default ez-toc-toggle\" aria-label=\"Toggle Tartalomjegyz\u00e9k\"><span class=\"ez-toc-js-icon-con\"><span class=\"\"><span class=\"eztoc-hide\" style=\"display:none;\">Toggle<\/span><span class=\"ez-toc-icon-toggle-span\"><svg style=\"fill: #0a0000;color:#0a0000\" xmlns=\"http:\/\/www.w3.org\/2000\/svg\" class=\"list-377408\" width=\"20px\" height=\"20px\" viewbox=\"0 0 24 24\" fill=\"none\"><path d=\"M6 6H4v2h2V6zm14 0H8v2h12V6zM4 11h2v2H4v-2zm16 0H8v2h12v-2zM4 16h2v2H4v-2zm16 0H8v2h12v-2z\" fill=\"currentColor\"><\/path><\/svg><svg style=\"fill: #0a0000;color:#0a0000\" class=\"arrow-unsorted-368013\" xmlns=\"http:\/\/www.w3.org\/2000\/svg\" width=\"10px\" height=\"10px\" viewbox=\"0 0 24 24\" version=\"1.2\" baseprofile=\"tiny\"><path d=\"M18.2 9.3l-6.2-6.3-6.2 6.3c-.2.2-.3.4-.3.7s.1.5.3.7c.2.2.4.3.7.3h11c.3 0 .5-.1.7-.3.2-.2.3-.5.3-.7s-.1-.5-.3-.7zM5.8 14.7l6.2 6.3 6.2-6.3c.2-.2.3-.5.3-.7s-.1-.5-.3-.7c-.2-.2-.4-.3-.7-.3h-11c-.3 0-.5.1-.7.3-.2.2-.3.5-.3.7s.1.5.3.7z\"\/><\/svg><\/span><\/span><\/span><\/a><\/span><\/div>\n<nav><ul class='ez-toc-list ez-toc-list-level-1' ><li class='ez-toc-page-1 ez-toc-heading-level-2'><a class=\"ez-toc-link ez-toc-heading-1\" href=\"https:\/\/canaryvip.com\/hu\/relaxation-on-tenerifes-hidden-beaches\/#The_quieter_side_of_Tenerife_beaches_towns_and_places_most_tourists_miss\" >Tenerife csendesebb oldala: strandok, v\u00e1rosok \u00e9s helyek, amelyeket a legt\u00f6bb turista kihagy<\/a><ul class='ez-toc-list-level-3' ><li class='ez-toc-heading-level-3'><a class=\"ez-toc-link ez-toc-heading-2\" href=\"https:\/\/canaryvip.com\/hu\/relaxation-on-tenerifes-hidden-beaches\/#Quiet_beaches_in_the_south_close_to_the_resorts\" >Csendes strandok d\u00e9len (az \u00fcd\u00fcl\u0151helyek k\u00f6zel\u00e9ben)<\/a><\/li><li class='ez-toc-page-1 ez-toc-heading-level-3'><a class=\"ez-toc-link ez-toc-heading-3\" href=\"https:\/\/canaryvip.com\/hu\/relaxation-on-tenerifes-hidden-beaches\/#Quiet_beaches_further_afield\" >Csendes strandok t\u00e1volabb<\/a><\/li><li class='ez-toc-page-1 ez-toc-heading-level-3'><a class=\"ez-toc-link ez-toc-heading-4\" href=\"https:\/\/canaryvip.com\/hu\/relaxation-on-tenerifes-hidden-beaches\/#Towns_that_havent_been_taken_over_by_tourism\" >V\u00e1rosok, amelyeket m\u00e9g nem vett \u00e1t a turizmus.<\/a><\/li><li class='ez-toc-page-1 ez-toc-heading-level-3'><a class=\"ez-toc-link ez-toc-heading-5\" href=\"https:\/\/canaryvip.com\/hu\/relaxation-on-tenerifes-hidden-beaches\/#Where_to_eat_away_from_the_tourist_strip\" >Hol lehet enni a turista\u00f6vezetekt\u0151l t\u00e1vol<\/a><\/li><li class='ez-toc-page-1 ez-toc-heading-level-3'><a class=\"ez-toc-link ez-toc-heading-6\" href=\"https:\/\/canaryvip.com\/hu\/relaxation-on-tenerifes-hidden-beaches\/#When_to_go_for_fewer_crowds\" >Mikor menjen a kevesebb t\u00f6meg\u00e9rt<\/a><\/li><li class='ez-toc-page-1 ez-toc-heading-level-3'><a class=\"ez-toc-link ez-toc-heading-7\" href=\"https:\/\/canaryvip.com\/hu\/relaxation-on-tenerifes-hidden-beaches\/#Getting_to_the_quiet_spots\" >Eljutni a csendes helyekre<\/a><\/li><\/ul><\/li><\/ul><\/nav><\/div>\n<h2><span class=\"ez-toc-section\" id=\"The_quieter_side_of_Tenerife_beaches_towns_and_places_most_tourists_miss\"><\/span>Tenerife csendesebb oldala: strandok, v\u00e1rosok \u00e9s helyek, amelyeket a legt\u00f6bb turista kihagy<span class=\"ez-toc-section-end\"><\/span><\/h2>\n<p><img decoding=\"async\" class=\"alignnone wp-image-11136\" src=\"https:\/\/canaryvip.com\/wp-content\/uploads\/2024\/04\/2147643631-300x200.jpg\" alt=\"Csendes strandok Tenerife rejtett helyek\" width=\"800\" height=\"534\" title=\"\" srcset=\"https:\/\/canaryvip.com\/wp-content\/uploads\/2024\/04\/2147643631-300x200.jpg 300w, https:\/\/canaryvip.com\/wp-content\/uploads\/2024\/04\/2147643631-1024x684.jpg 1024w, https:\/\/canaryvip.com\/wp-content\/uploads\/2024\/04\/2147643631-18x12.jpg 18w, https:\/\/canaryvip.com\/wp-content\/uploads\/2024\/04\/2147643631-1536x1025.jpg 1536w, https:\/\/canaryvip.com\/wp-content\/uploads\/2024\/04\/2147643631-600x401.jpg 600w, https:\/\/canaryvip.com\/wp-content\/uploads\/2024\/04\/2147643631.jpg 1618w\" sizes=\"(max-width: 800px) 100vw, 800px\" \/><\/p>\n<p>A legt\u00f6bb tenerifei l\u00e1togat\u00f3 a Costa Adeje \u00e9s Los Cristianos k\u00f6z\u00f6tti d\u00e9li \u00fcd\u00fcl\u0151\u00f6vezetben sz\u00e1ll meg. Ez meleg, k\u00e9nyelmes \u00e9s tele van tennival\u00f3kkal. Ha azonban az eg\u00e9sz nyaral\u00e1s\u00e1t ott t\u00f6lti, lemarad a sziget azon r\u00e9szeir\u0151l, amelyek Tenerif\u00e9t val\u00f3ban m\u00e1ss\u00e1 teszik, mint b\u00e1rmely m\u00e1s tengerparti \u00fati c\u00e9lt.<\/p>\n<p>Ez az \u00fatik\u00f6nyv a csendesebb strandokat, a v\u00e1rosokat, amelyeket m\u00e9g nem nyelt el a turizmus, \u00e9s azokat a helyeket mutatja be, ahol val\u00f3ban a tengert hallhatja a b\u00e1r lej\u00e1tsz\u00e1si list\u00e1ja helyett. N\u00e9melyik 20 percre van a sz\u00e1llod\u00e1t\u00f3l. M\u00e1sokhoz aut\u00f3ra \u00e9s n\u00e9mi er\u0151fesz\u00edt\u00e9sre van sz\u00fcks\u00e9g. Mindegyik igazi hely, nem pedig egy marketingbros\u00far\u00e1b\u00f3l kih\u00fazott valami.<\/p>\n<h3><span class=\"ez-toc-section\" id=\"Quiet_beaches_in_the_south_close_to_the_resorts\"><\/span>Csendes strandok d\u00e9len (az \u00fcd\u00fcl\u0151helyek k\u00f6zel\u00e9ben)<span class=\"ez-toc-section-end\"><\/span><\/h3>\n<p><img decoding=\"async\" class=\"alignnone wp-image-11138\" src=\"https:\/\/canaryvip.com\/wp-content\/uploads\/2024\/04\/2148379878-300x200.jpg\" alt=\"Rejtett strandok Tenerife d\u00e9li r\u00e9sz\u00e9n\" width=\"800\" height=\"533\" title=\"\" srcset=\"https:\/\/canaryvip.com\/wp-content\/uploads\/2024\/04\/2148379878-300x200.jpg 300w, https:\/\/canaryvip.com\/wp-content\/uploads\/2024\/04\/2148379878-1024x682.jpg 1024w, https:\/\/canaryvip.com\/wp-content\/uploads\/2024\/04\/2148379878-18x12.jpg 18w, https:\/\/canaryvip.com\/wp-content\/uploads\/2024\/04\/2148379878-1536x1024.jpg 1536w, https:\/\/canaryvip.com\/wp-content\/uploads\/2024\/04\/2148379878-600x400.jpg 600w, https:\/\/canaryvip.com\/wp-content\/uploads\/2024\/04\/2148379878.jpg 1620w\" sizes=\"(max-width: 800px) 100vw, 800px\" \/><\/p>\n<p>Nem kell az \u00e9szaki partra aut\u00f3zni ahhoz, hogy b\u00e9k\u00e9s strandot tal\u00e1ljon. A f\u0151 turisztikai ter\u00fcletekt\u0151l karny\u00fajt\u00e1snyira is vannak csendesebb helyek:<\/p>\n<p><strong>Playa Diego Hernandez.<\/strong> Egy rejtett \u00f6b\u00f6l La Caleta \u00e9s El Puertito k\u00f6z\u00f6tt, kb. 80 m\u00e9ter hossz\u00fa aranysz\u00edn\u0171 homokos part, amely csak gyalogosan \u00e9rhet\u0151 el (20-30 perc La Calet\u00e1t\u00f3l egy szikl\u00e1s tengerparti \u00f6sv\u00e9nyen). Nincsenek l\u00e9tes\u00edtm\u00e9nyek, napoz\u00f3\u00e1gyak \u00e9s v\u00edziment\u0151k. Ruh\u00e1zatra van lehet\u0151s\u00e9g. Kutyabar\u00e1t. Legjobb ap\u00e1lykor. Hozzon mag\u00e1val vizet, \u00e9lelmet, \u00e1rny\u00e9kot \u00e9s megfelel\u0151 cip\u0151t (nem szand\u00e1lt). Kil\u00e1t\u00e1s La Gomera sziget\u00e9re \u00e9s sz\u00e9p naplement\u00e9k. Ez a hely technikailag Costa Adeje-ben van, kb. 15 perc aut\u00f3\u00fatra a f\u0151 \u00fcd\u00fcl\u0151helyi s\u00e1vt\u00f3l, de olyan, mintha egy teljesen m\u00e1s sziget lenne.<\/p>\n<p><strong>La Caleta.<\/strong> Egy kis hal\u00e1szfalu Costa Adeje \u00e9s Playa Paraiso k\u00f6z\u00f6tt. Maga a strand kicsi \u00e9s szikl\u00e1s, de a falu rendelkezik Tenerife d\u00e9li r\u00e9sz\u00e9nek egyik legjobb hal\u00e9tterm\u00e9vel (k\u00e9rdezz\u00e9k meg a helyieket, melyik az, mindenkinek megvan a v\u00e9lem\u00e9nye). A l\u00e9gk\u00f6r nyugodt, helyi, \u00e9s egy vil\u00e1g t\u00e1volabb van Playa de las Americast\u00f3l. K\u00f6nnyen megk\u00f6zel\u00edthet\u0151 aut\u00f3val vagy busszal.<\/p>\n<p><strong>Playa de la Tejita.<\/strong> Tenerife egyik leghosszabb term\u00e9szetes strandja, a Montana Roja v\u00f6r\u00f6s vulk\u00e1ni k\u00fapja m\u00f6g\u00f6tt. Term\u00e9szetes sz\u00fcrk\u00e9sbarna homok, napoz\u00f3\u00e1gyak \u00e9s strandb\u00e1rok n\u00e9lk\u00fcl. D\u00e9lut\u00e1nonk\u00e9nt a sz\u00f6rf\u00f6s\u00f6k \u00e9s a kitesurferek k\u00f6r\u00e9ben n\u00e9pszer\u0171, de a Montana Roja melletti nyugati v\u00e9ge \u00e1ltal\u00e1ban csendes, k\u00fcl\u00f6n\u00f6sen h\u00e9tk\u00f6znapokon. El Medano v\u00e1ros\u00e1t\u00f3l 20 perces s\u00e9t\u00e1ra tal\u00e1lhat\u00f3.<\/p>\n<p><strong>El Puertito.<\/strong> Egy apr\u00f3 \u00f6b\u00f6l La Calet\u00e1t\u00f3l d\u00e9lre, ahol n\u00e9ha tengeri tekn\u0151s\u00f6kkel lehet sznorkelezni. A strand kicsi, \u00e9s a l\u00e9tes\u00edtm\u00e9nyek minim\u00e1lisak, de ez az egyik szokatlanabb hely az \u00fcd\u00fcl\u0151helyek k\u00f6zel\u00e9ben. H\u00e9tv\u00e9g\u00e9n egyre zs\u00fafoltabb, ahogy a h\u00edre elterjed, ez\u00e9rt h\u00e9tk\u00f6znap kor\u00e1n menjen.<\/p>\n<h3><span class=\"ez-toc-section\" id=\"Quiet_beaches_further_afield\"><\/span>Csendes strandok t\u00e1volabb<span class=\"ez-toc-section-end\"><\/span><\/h3>\n<p><img decoding=\"async\" class=\"alignnone wp-image-11100\" src=\"https:\/\/canaryvip.com\/wp-content\/uploads\/2024\/04\/el-medano-5565-300x199.jpg\" alt=\"Rejtett strand Tenerife \u00e9szaki partj\u00e1n\" width=\"800\" height=\"530\" title=\"\" srcset=\"https:\/\/canaryvip.com\/wp-content\/uploads\/2024\/04\/el-medano-5565-300x199.jpg 300w, https:\/\/canaryvip.com\/wp-content\/uploads\/2024\/04\/el-medano-5565-1024x678.jpg 1024w, https:\/\/canaryvip.com\/wp-content\/uploads\/2024\/04\/el-medano-5565-18x12.jpg 18w, https:\/\/canaryvip.com\/wp-content\/uploads\/2024\/04\/el-medano-5565-1536x1018.jpg 1536w, https:\/\/canaryvip.com\/wp-content\/uploads\/2024\/04\/el-medano-5565-600x398.jpg 600w, https:\/\/canaryvip.com\/wp-content\/uploads\/2024\/04\/el-medano-5565.jpg 1630w\" sizes=\"(max-width: 800px) 100vw, 800px\" \/><\/p>\n<p>Ezekhez aut\u00f3ra (vagy idegenvezet\u00e9sre) van sz\u00fcks\u00e9g, de meg\u00e9ri a f\u00e1rads\u00e1got:<\/p>\n<p><strong>Playa El Bollullo.<\/strong> Egy nagy fekete homokos \u00f6b\u00f6l Puerto de la Cruz k\u00f6zel\u00e9ben, az \u00e9szaki parton, szikl\u00e1k \u00e9s ban\u00e1n\u00fcltetv\u00e9nyek alatt megb\u00fajva. Puerto de la Cruzt\u00f3l kb. 4 km-re keletre. A cs\u00facson tal\u00e1lhat\u00f3 Restaurante Bollullo \u00e9tteremhez (parkol\u00f3 3 \u20ac) lehet eljutni aut\u00f3val, \u00e9s onnan meredek l\u00e9pcs\u0151k\u00f6n kereszt\u00fcl 10-15 perc alatt les\u00e9t\u00e1lni. Vagy s\u00e9t\u00e1ljon a Puerto de la Cruz-i La Pazb\u00f3l a ban\u00e1n\u00fcltetv\u00e9nyeken kereszt\u00fcl (kb. 30-35 perc). A strandon egy kis b\u00e1r\/k\u00e1v\u00e9z\u00f3, napoz\u00f3\u00e1gy-k\u00f6lcs\u00f6nz\u0151 \u00e9s finom fekete vulkanikus homok tal\u00e1lhat\u00f3. A hull\u00e1mok er\u0151sek \u00e9s az \u00e1ramlatok vesz\u00e9lyesek lehetnek, ez\u00e9rt \u00f3vatosan \u00fasszon, \u00e9s ellen\u0151rizze a z\u00e1szl\u00f3kat. Nincs v\u00edziment\u0151. A helyiek szeretik ezt a strandot; a turist\u00e1k ritk\u00e1n tal\u00e1lj\u00e1k meg.<\/p>\n<p><strong>Playa de Benijo.<\/strong> Vadreg\u00e9nyes, dr\u00e1mai strand az \u00e9szakkeleti parton fekv\u0151 Anaga vid\u00e9ki parkban. Fekete homok, tornyosul\u00f3 szikl\u00e1k \u00e9s kil\u00e1t\u00e1s a Roques de Anaga sziklaalakzatokra. Megk\u00f6zel\u00edt\u00e9s sz\u0171k hegyi utakon Taganan\u00e1ba, majd l\u00e9pcs\u0151n le a strandra. A homokon nincsenek l\u00e9tes\u00edtm\u00e9nyek. Er\u0151s \u00e1ramlatok; csak tapasztalt \u00fasz\u00f3knak. A naplement\u00e9k itt rendk\u00edv\u00fcliek. K\u00e9t kis hal\u00e9tterem a strand felett (El Mirador de Benijo \u00e9s La Cueva). R\u00e9szletes inform\u00e1ci\u00f3k a <a href=\"https:\/\/canaryvip.com\/hu\/top-10-must-visit-beaches-in-tenerife\/\">strandok \u00fatmutat\u00f3ja<\/a>.<\/p>\n<p><strong>Playa de Abama.<\/strong> Aranysz\u00edn\u0171 homok, szikl\u00e1k \u00e1ltal v\u00e9dve, a Guia de Isora-i Ritz-Carlton Abama alatt. Nyilv\u00e1nos hozz\u00e1f\u00e9r\u00e9s egy hossz\u00fa l\u00e9pcs\u0151n kereszt\u00fcl a fenti \u00fatr\u00f3l. Kis strandb\u00e1r \u00e9s napoz\u00f3\u00e1gyak az alj\u00e1n. A sziget egyik legelhagyatottabb \u00e9s legfest\u0151ibb helye, b\u00e1r a sz\u00e1lloda vend\u00e9gei ide\u00e9rkez\u00e9sekor megtelhet.<\/p>\n<p><strong>Piscinas naturales de Garachico (El Caleton).<\/strong> Nem strand, de Tenerife egyik legjobb f\u00fcrd\u0151helye. Term\u00e9szetes vulkanikus sziklamedenc\u00e9k, amelyek a Trevejo vulk\u00e1n 1706-os kit\u00f6r\u00e9sekor keletkeztek, \u00e9s a l\u00e1va a tengerbe \u00f6ml\u00f6tt. T\u00f6bb k\u00fcl\u00f6nb\u00f6z\u0151 m\u00e9ret\u0171 \u00e9s m\u00e9lys\u00e9g\u0171 medence, n\u00e9melyik el\u00e9g nyugodt a gyerekek sz\u00e1m\u00e1ra, m\u00e1sok a tenger fel\u00e9 nyitottak. Ingyenes bel\u00e9p\u00e9s, f\u00e9ml\u00e9tr\u00e1k \u00e9s platformok, \u00e9tterem a szikl\u00e1kon, ny\u00e1ron v\u00edziment\u0151k. A 16. sz\u00e1zadi San Miguel-kast\u00e9ly mellett. Hozzon mag\u00e1val v\u00edzicip\u0151t (a vulkanikus szikla \u00e9les). A 363-as buszj\u00e1rat Puerto de la Cruzb\u00f3l.<\/p>\n<h3><span class=\"ez-toc-section\" id=\"Towns_that_havent_been_taken_over_by_tourism\"><\/span>V\u00e1rosok, amelyeket m\u00e9g nem vett \u00e1t a turizmus.<span class=\"ez-toc-section-end\"><\/span><\/h3>\n<p><img decoding=\"async\" class=\"alignnone wp-image-11010\" src=\"https:\/\/canaryvip.com\/wp-content\/uploads\/2024\/04\/15034-300x200.jpg\" alt=\"Csendes v\u00e1rosok Tenerife nem turisztikai\" width=\"800\" height=\"533\" title=\"\" srcset=\"https:\/\/canaryvip.com\/wp-content\/uploads\/2024\/04\/15034-300x200.jpg 300w, https:\/\/canaryvip.com\/wp-content\/uploads\/2024\/04\/15034-1024x682.jpg 1024w, https:\/\/canaryvip.com\/wp-content\/uploads\/2024\/04\/15034-18x12.jpg 18w, https:\/\/canaryvip.com\/wp-content\/uploads\/2024\/04\/15034-1536x1024.jpg 1536w, https:\/\/canaryvip.com\/wp-content\/uploads\/2024\/04\/15034-600x400.jpg 600w, https:\/\/canaryvip.com\/wp-content\/uploads\/2024\/04\/15034.jpg 1620w\" sizes=\"(max-width: 800px) 100vw, 800px\" \/><\/p>\n<p>Ha l\u00e1tni szeretn\u00e9, hogyan \u00e9lnek az emberek val\u00f3j\u00e1ban Tenerif\u00e9n (\u00e9s nem azt, hogy az \u00fcd\u00fcl\u0151helyek hogyan szolg\u00e1lj\u00e1k ki a l\u00e1togat\u00f3kat), akkor \u00e9rdemes megl\u00e1togatni ezeket a v\u00e1rosokat:<\/p>\n<p><strong>Garachico.<\/strong> T\u00f6rt\u00e9nelmi kisv\u00e1ros az \u00e9szaki parton, amelyet r\u00e9szben betemetett az 1706-os kit\u00f6r\u00e9s. Macskak\u00f6ves utc\u00e1k, gyarmati \u00e9p\u00edt\u00e9szet, a San Miguel-kast\u00e9ly, egy kis kik\u00f6t\u0151 \u00e9s az El Caleton sziklamedenc\u00e9k k\u00f6zvetlen\u00fcl a v\u00edzparton. Egy maroknyi j\u00f3 \u00e9tterem. A d\u00e9li r\u00e9szhez k\u00e9pest nagyon kev\u00e9s turista. K\u00f6r\u00fclbel\u00fcl 90 perc aut\u00f3val Costa Adeje-t\u0151l, vagy megk\u00f6zel\u00edthet\u0151 egy <a href=\"https:\/\/canaryvip.com\/hu\/tenerife\/guided-tours\/\">Tenerife \u00e9szaki r\u00e9sz\u00e9n vezetett t\u00fara<\/a>.<\/p>\n<p><strong>La Orotava.<\/strong> Puerto de la Cruz f\u00f6l\u00f6tt, az Orotava-v\u00f6lgyben fekv\u0151 hegyoldalban fekv\u0151 v\u00e1roska. Gy\u00f6ny\u00f6r\u0171 hagyom\u00e1nyos kan\u00e1ri \u00e9p\u00edt\u00e9szet (fa erk\u00e9lyek, vir\u00e1gokkal teli udvarok), botanikus kertek, \u00e9s kil\u00e1t\u00e1s a tengerpartra, m\u00f6g\u00f6tte a Teid\u00e9vel. \u00c9rdemes meg\u00e1llni a Casa de los Balcones-ben. Kevesebb mint egy \u00f3ra aut\u00f3val d\u00e9lr\u0151l.<\/p>\n<p><strong>Vilaflor.<\/strong> Tenerife legmagasabban fekv\u0151 telep\u00fcl\u00e9se (\u00e9s Spanyolorsz\u00e1g egyik legmagasabban fekv\u0151 telep\u00fcl\u00e9se), amelyet feny\u0151erd\u0151 vesz k\u00f6r\u00fcl a Teide fel\u00e9 vezet\u0151 \u00faton. Csendes, hagyom\u00e1nyos, n\u00e9h\u00e1ny \u00e9tteremmel \u00e9s j\u00f3 kiindul\u00f3pont az erdei s\u00e9t\u00e1khoz. A legt\u00f6bben meg\u00e1ll\u00e1s n\u00e9lk\u00fcl hajtanak \u00e1t rajta a Teide fel\u00e9 vezet\u0151 \u00faton, ami nagy k\u00e1r.<\/p>\n<p><strong>San Juan de la Rambla.<\/strong> Egy apr\u00f3, csendes kisv\u00e1ros az \u00e9szaki parton, Puerto de la Cruz \u00e9s Garachico k\u00f6z\u00f6tt. Hagyom\u00e1nyos kan\u00e1ri h\u00e1zak, egy kis templom \u00e9s alig n\u00e9h\u00e1ny turista. J\u00f3 eb\u00e9dmeg\u00e1ll\u00f3, ha az \u00e9szaki parton haladunk.<\/p>\n<p><strong>Tegueste.<\/strong> La Lagun\u00e1t\u00f3l \u00e9szakkeletre fekv\u0151 belv\u00e1rosi kisv\u00e1ros, h\u00e9tv\u00e9gi termel\u0151i piaccal (szombaton \u00e9s vas\u00e1rnap, 8 \u00e9s 14 \u00f3ra k\u00f6z\u00f6tt, 33 standon k\u00f6zvetlen\u00fcl a helyi termel\u0151kt\u0151l). Gy\u00fcm\u00f6lcs, z\u00f6lds\u00e9g, sajt, h\u00fas \u00e9s hagyom\u00e1nyos k\u00e9zm\u0171ves term\u00e9kek. Az egyik legautentikusabb piaci \u00e9lm\u00e9ny Tenerif\u00e9n.<\/p>\n<h3><span class=\"ez-toc-section\" id=\"Where_to_eat_away_from_the_tourist_strip\"><\/span>Hol lehet enni a turista\u00f6vezetekt\u0151l t\u00e1vol<span class=\"ez-toc-section-end\"><\/span><\/h3>\n<p><img decoding=\"async\" class=\"alignnone wp-image-11137\" src=\"https:\/\/canaryvip.com\/wp-content\/uploads\/2024\/04\/2148141947-300x200.jpg\" alt=\"Guachinches Tenerife helyi \u00e9ttermek\" width=\"800\" height=\"533\" title=\"\" srcset=\"https:\/\/canaryvip.com\/wp-content\/uploads\/2024\/04\/2148141947-300x200.jpg 300w, https:\/\/canaryvip.com\/wp-content\/uploads\/2024\/04\/2148141947-1024x682.jpg 1024w, https:\/\/canaryvip.com\/wp-content\/uploads\/2024\/04\/2148141947-18x12.jpg 18w, https:\/\/canaryvip.com\/wp-content\/uploads\/2024\/04\/2148141947-1536x1024.jpg 1536w, https:\/\/canaryvip.com\/wp-content\/uploads\/2024\/04\/2148141947-600x400.jpg 600w, https:\/\/canaryvip.com\/wp-content\/uploads\/2024\/04\/2148141947.jpg 1620w\" sizes=\"(max-width: 800px) 100vw, 800px\" \/><\/p>\n<p><strong>Guachinches<\/strong> a legautentikusabb \u00e9tkez\u00e9si \u00e9lm\u00e9ny Tenerif\u00e9n. Ezek csal\u00e1dias, csal\u00e1dias \u00e9ttermek (f\u0151k\u00e9nt \u00e9szakon, Tacoronte, La Orotava \u00e9s az Orotava-v\u00f6lgy k\u00f6rny\u00e9k\u00e9n), ahol h\u00e1zias \u00e9teleket \u00e9s saj\u00e1t bort szolg\u00e1lnak fel. A koncepci\u00f3 arra az id\u0151re ny\u00falik vissza, amikor a sz\u0151l\u0151sgazd\u00e1k k\u00f6zvetlen\u00fcl otthonr\u00f3l \u00e1rult\u00e1k \u00faj boraikat, egyszer\u0171 \u00e9telekkel egy\u00fctt.<\/p>\n<p>Amire sz\u00e1m\u00edthat: papas arrugadas (r\u00e1ncos burgonya mojo m\u00e1rt\u00e1ssal), grillezett h\u00fas vagy ny\u00fal, helyi sajt, gofio \u00e9s a h\u00e1z bora, amelyet kancs\u00f3ban szolg\u00e1lnak fel. Az \u00e1rak alacsonyak (egy teljes \u00e9tkez\u00e9s borral egy\u00fctt 8-15 \u20ac\/f\u0151 k\u00f6z\u00f6tt szokott lenni). A helysz\u00edn \u00e1ltal\u00e1ban egyszer\u0171: m\u0171anyag sz\u00e9kek, pap\u00edr ter\u00edt\u0151, \u00e9s nincs \u00e9tlap azon k\u00edv\u00fcl, amit a t\u00e1bl\u00e1ra kr\u00e9t\u00e1val fel\u00edrnak vagy sz\u00f3ban elmondanak.<\/p>\n<p>A Guachinches kisz\u00e1m\u00edthatatlanul nyit \u00e9s z\u00e1r (gyakran csak addig vannak nyitva, am\u00edg az aktu\u00e1lis bor tart), \u00e9s nem mindig jelennek meg a Google Maps t\u00e9rk\u00e9pen. K\u00e9rdezze meg a helyieket, vagy n\u00e9zze meg a Tenerife-specifikus blogokat az aktu\u00e1lis aj\u00e1nl\u00e1sok\u00e9rt. A Puerto de la Cruz feletti Tacoronte-Acentejo borvid\u00e9k rendelkezik a legnagyobb koncentr\u00e1ci\u00f3val.<\/p>\n<p>A halak eset\u00e9ben a hal\u00e1szfalvak <strong>La Caleta<\/strong> (d\u00e9li part) \u00e9s <strong>El Puertito de los Silos<\/strong> (\u00e9szaki part) \u00e9ttermei friss fog\u00e1sokat szolg\u00e1lnak fel helyi \u00e1ron.<\/p>\n<h3><span class=\"ez-toc-section\" id=\"When_to_go_for_fewer_crowds\"><\/span>Mikor menjen a kevesebb t\u00f6meg\u00e9rt<span class=\"ez-toc-section-end\"><\/span><\/h3>\n<p>Tenerife turizmus szempontj\u00e1b\u00f3l a legcsendesebb h\u00f3napok a k\u00f6vetkez\u0151k <strong>M\u00e1jus, j\u00fanius \u00e9s november<\/strong>. Az id\u0151j\u00e1r\u00e1s m\u00e9g mindig j\u00f3 (d\u00e9len 20-26 \u00b0C), de a f\u0151szezonban (kar\u00e1csony, h\u00fasv\u00e9t, j\u00falius-augusztus) m\u00e1r nincs t\u00f6meg. M\u00e9g a n\u00e9pszer\u0171 d\u00e9li strandok is nyugodtabbnak t\u0171nnek ezekben a h\u00f3napokban.<\/p>\n<p>Egy adott h\u00e9ten bel\u00fcl, <strong>a h\u00e9tk\u00f6znapok mindig csendesebbek, mint a h\u00e9tv\u00e9g\u00e9k<\/strong>, mind a strandokon, mind a v\u00e1rosokban. Ha egy olyan eldugott strandra l\u00e1togat, mint Bollullo vagy Diego Hernandez, akkor a keddi vagy szerdai napokon t\u00f6rt\u00e9n\u0151 utaz\u00e1s \u00e9rezhet\u0151 k\u00fcl\u00f6nbs\u00e9get jelent.<\/p>\n<p><strong>Kora reggel<\/strong> a titkos fegyver. A legt\u00f6bb turista nem \u00e9ri el a strandot 11 \u00f3ra el\u0151tt. Ha reggel 9 \u00f3rakor \u00e9rkezel (k\u00fcl\u00f6n\u00f6sen ny\u00e1ron, amikor m\u00e1r j\u00f3 a f\u00e9ny), akkor a legjobbak a felt\u00e9telek: nyugodt v\u00edz, \u00fcres homok, \u00e9s nincs verseny az \u00e1rny\u00e9k\u00e9rt.<\/p>\n<h3><span class=\"ez-toc-section\" id=\"Getting_to_the_quiet_spots\"><\/span>Eljutni a csendes helyekre<span class=\"ez-toc-section-end\"><\/span><\/h3>\n<p>E helyek t\u00f6bbs\u00e9ge nem rendelkezik j\u00f3 t\u00f6megk\u00f6zleked\u00e9si kapcsolatokkal. A <strong>b\u00e9raut\u00f3<\/strong> biztos\u00edtja a legnagyobb rugalmass\u00e1got, k\u00fcl\u00f6n\u00f6sen az \u00e9szaki partvid\u00e9k \u00e9s a hegyvid\u00e9ki falvak eset\u00e9ben. Az olyan helyi t\u00e1rsas\u00e1gok, mint a CICAR \u00e9s az Autoreisen \u00e1ltal\u00e1ban olcs\u00f3bbak, mint a nemzetk\u00f6zi l\u00e1ncok.<\/p>\n<p>Ha nem akarsz vezetni, az CanaryVIP <a href=\"https:\/\/canaryvip.com\/hu\/tenerife\/guided-tours\/bus-tours\/\">vezetett buszos t\u00far\u00e1k<\/a> Tenerife \u00e9szaki r\u00e9sz\u00e9nek (La Laguna, Anaga, Icod de los Vinos, Garachico) lefed\u00e9se sz\u00e1llodai felsz\u00e1ll\u00e1ssal. <a href=\"https:\/\/canaryvip.com\/hu\/tenerife\/guided-tours\/jeep-tours\/\">Jeep t\u00far\u00e1k<\/a> olyan t\u00e1voli helyekre, mint Masca \u00e9s a Teno-hegys\u00e9g.<\/p>\n<p>A partvonal eset\u00e9ben egy <a href=\"https:\/\/canaryvip.com\/hu\/tenerife\/boat-excursions\/\">haj\u00f3kir\u00e1ndul\u00e1s<\/a> vagy <a href=\"https:\/\/canaryvip.com\/hu\/tenerife\/boat-hire-tenerife\/\">mag\u00e1nhaj\u00f3 charter<\/a> lehet\u0151v\u00e9 teszi, hogy a d\u00e9li \u00e9s nyugati partot a v\u00edzr\u0151l is l\u00e1thassa, bele\u00e9rtve a sz\u00e1razf\u00f6ld\u00f6n megk\u00f6zel\u00edthetetlen szakaszokat is. A Tenerife d\u00e9li partjain\u00e1l tal\u00e1lhat\u00f3 vizekben mintegy 500 helyi k\u00eds\u00e9rleti b\u00e1lna \u00e9l, \u00e9s a kir\u00e1ndul\u00e1sokon a megfigyel\u00e9si ar\u00e1ny megk\u00f6zel\u00edti az 100% \u00e9rt\u00e9ket.<\/p>\n<p><strong><a href=\"https:\/\/canaryvip.com\/hu\/tenerife\/\">B\u00f6ng\u00e9sszen az \u00f6sszes tenerifei kir\u00e1ndul\u00e1s \u00e9s tev\u00e9kenys\u00e9g k\u00f6z\u00f6tt az CanaryVIP-n\u00e9l<\/a><\/strong><\/p>","protected":false},"excerpt":{"rendered":"<p>The quieter side of Tenerife: beaches, towns, and places most tourists miss Most visitors to Tenerife stay in the southern resort strip between Costa Adeje and Los Cristianos. It&#8217;s warm, convenient, and packed with things to do. But if you spend your entire holiday there, you&#8217;ll miss the parts of the island that make Tenerife&#8230;<\/p>","protected":false},"author":4,"featured_media":11136,"comment_status":"open","ping_status":"closed","sticky":false,"template":"","format":"standard","meta":{"_acf_changed":false,"footnotes":""},"categories":[74],"tags":[121,87,124],"class_list":["post-11035","post","type-post","status-publish","format-standard","has-post-thumbnail","hentry","category-beaches-and-water-activities","tag-beaches-in-tenerife","tag-tenerife","tag-tenerifes-hidden-beaches"],"acf":[],"_links":{"self":[{"href":"https:\/\/canaryvip.com\/hu\/wp-json\/wp\/v2\/posts\/11035","targetHints":{"allow":["GET"]}}],"collection":[{"href":"https:\/\/canaryvip.com\/hu\/wp-json\/wp\/v2\/posts"}],"about":[{"href":"https:\/\/canaryvip.com\/hu\/wp-json\/wp\/v2\/types\/post"}],"author":[{"embeddable":true,"href":"https:\/\/canaryvip.com\/hu\/wp-json\/wp\/v2\/users\/4"}],"replies":[{"embeddable":true,"href":"https:\/\/canaryvip.com\/hu\/wp-json\/wp\/v2\/comments?post=11035"}],"version-history":[{"count":3,"href":"https:\/\/canaryvip.com\/hu\/wp-json\/wp\/v2\/posts\/11035\/revisions"}],"predecessor-version":[{"id":17073,"href":"https:\/\/canaryvip.com\/hu\/wp-json\/wp\/v2\/posts\/11035\/revisions\/17073"}],"wp:featuredmedia":[{"embeddable":true,"href":"https:\/\/canaryvip.com\/hu\/wp-json\/wp\/v2\/media\/11136"}],"wp:attachment":[{"href":"https:\/\/canaryvip.com\/hu\/wp-json\/wp\/v2\/media?parent=11035"}],"wp:term":[{"taxonomy":"category","embeddable":true,"href":"https:\/\/canaryvip.com\/hu\/wp-json\/wp\/v2\/categories?post=11035"},{"taxonomy":"post_tag","embeddable":true,"href":"https:\/\/canaryvip.com\/hu\/wp-json\/wp\/v2\/tags?post=11035"}],"curies":[{"name":"wp","href":"https:\/\/api.w.org\/{rel}","templated":true}]}}