{"id":10645,"date":"2024-06-19T14:26:33","date_gmt":"2024-06-19T13:26:33","guid":{"rendered":"https:\/\/canaryvip.com\/?p=10645"},"modified":"2026-04-08T12:48:19","modified_gmt":"2026-04-08T11:48:19","slug":"the-ultimate-shopping-guide-in-tenerife","status":"publish","type":"post","link":"https:\/\/canaryvip.com\/hu\/the-ultimate-shopping-guide-in-tenerife\/","title":{"rendered":"A v\u00e9gs\u0151 v\u00e1s\u00e1rl\u00e1si \u00fatmutat\u00f3 Tenerif\u00e9n A piacokt\u00f3l a bev\u00e1s\u00e1rl\u00f3k\u00f6zpontokig (Friss\u00edtve 2026 \u00e1prilis\u00e1ban)"},"content":{"rendered":"<p><img decoding=\"async\" class=\"wp-image-10677 alignnone\" title=\"V\u00e1s\u00e1rl\u00e1s Tenerif\u00e9n \u00fatmutat\u00f3\" src=\"https:\/\/canaryvip.com\/wp-content\/uploads\/2024\/03\/2149077744-300x200.jpg\" alt=\"V\u00e1s\u00e1rl\u00e1s Tenerif\u00e9n \u00fatmutat\u00f3 2026\" width=\"800\" height=\"532\" srcset=\"https:\/\/canaryvip.com\/wp-content\/uploads\/2024\/03\/2149077744-300x200.jpg 300w, https:\/\/canaryvip.com\/wp-content\/uploads\/2024\/03\/2149077744-1024x681.jpg 1024w, https:\/\/canaryvip.com\/wp-content\/uploads\/2024\/03\/2149077744-18x12.jpg 18w, https:\/\/canaryvip.com\/wp-content\/uploads\/2024\/03\/2149077744-1536x1022.jpg 1536w, https:\/\/canaryvip.com\/wp-content\/uploads\/2024\/03\/2149077744-600x399.jpg 600w, https:\/\/canaryvip.com\/wp-content\/uploads\/2024\/03\/2149077744.jpg 1623w\" sizes=\"(max-width: 800px) 100vw, 800px\" \/><\/p>\n<div id=\"ez-toc-container\" class=\"ez-toc-v2_0_82_2 counter-hierarchy ez-toc-counter ez-toc-custom ez-toc-container-direction\">\n<div class=\"ez-toc-title-container\">\n<p class=\"ez-toc-title\" style=\"cursor:inherit\">Tartalomjegyz\u00e9k<\/p>\n<span class=\"ez-toc-title-toggle\"><a href=\"#\" class=\"ez-toc-pull-right ez-toc-btn ez-toc-btn-xs ez-toc-btn-default ez-toc-toggle\" aria-label=\"Toggle Tartalomjegyz\u00e9k\"><span class=\"ez-toc-js-icon-con\"><span class=\"\"><span class=\"eztoc-hide\" style=\"display:none;\">Toggle<\/span><span class=\"ez-toc-icon-toggle-span\"><svg style=\"fill: #0a0000;color:#0a0000\" xmlns=\"http:\/\/www.w3.org\/2000\/svg\" class=\"list-377408\" width=\"20px\" height=\"20px\" viewbox=\"0 0 24 24\" fill=\"none\"><path d=\"M6 6H4v2h2V6zm14 0H8v2h12V6zM4 11h2v2H4v-2zm16 0H8v2h12v-2zM4 16h2v2H4v-2zm16 0H8v2h12v-2z\" fill=\"currentColor\"><\/path><\/svg><svg style=\"fill: #0a0000;color:#0a0000\" class=\"arrow-unsorted-368013\" xmlns=\"http:\/\/www.w3.org\/2000\/svg\" width=\"10px\" height=\"10px\" viewbox=\"0 0 24 24\" version=\"1.2\" baseprofile=\"tiny\"><path d=\"M18.2 9.3l-6.2-6.3-6.2 6.3c-.2.2-.3.4-.3.7s.1.5.3.7c.2.2.4.3.7.3h11c.3 0 .5-.1.7-.3.2-.2.3-.5.3-.7s-.1-.5-.3-.7zM5.8 14.7l6.2 6.3 6.2-6.3c.2-.2.3-.5.3-.7s-.1-.5-.3-.7c-.2-.2-.4-.3-.7-.3h-11c-.3 0-.5.1-.7.3-.2.2-.3.5-.3.7s.1.5.3.7z\"\/><\/svg><\/span><\/span><\/span><\/a><\/span><\/div>\n<nav><ul class='ez-toc-list ez-toc-list-level-1' ><li class='ez-toc-page-1 ez-toc-heading-level-2'><a class=\"ez-toc-link ez-toc-heading-1\" href=\"https:\/\/canaryvip.com\/hu\/the-ultimate-shopping-guide-in-tenerife\/#Shopping_in_Tenerife_Where_to_Go_What_to_Buy_and_How_to_Save\" >V\u00e1s\u00e1rl\u00e1s Tenerif\u00e9n: Tenerife: Hov\u00e1 menj\u00fcnk, mit v\u00e1s\u00e1roljunk, \u00e9s hogyan takar\u00edtsunk meg<\/a><ul class='ez-toc-list-level-3' ><li class='ez-toc-heading-level-3'><a class=\"ez-toc-link ez-toc-heading-2\" href=\"https:\/\/canaryvip.com\/hu\/the-ultimate-shopping-guide-in-tenerife\/#Why_Is_Shopping_Cheaper_in_Tenerife\" >Mi\u00e9rt olcs\u00f3bb a v\u00e1s\u00e1rl\u00e1s Tenerif\u00e9n?<\/a><\/li><li class='ez-toc-page-1 ez-toc-heading-level-3'><a class=\"ez-toc-link ez-toc-heading-3\" href=\"https:\/\/canaryvip.com\/hu\/the-ultimate-shopping-guide-in-tenerife\/#Siam_Mall_Tenerifes_Biggest_Shopping_Centre\" >Siam Mall: Tenerife legnagyobb bev\u00e1s\u00e1rl\u00f3k\u00f6zpontja<\/a><\/li><li class='ez-toc-page-1 ez-toc-heading-level-3'><a class=\"ez-toc-link ez-toc-heading-4\" href=\"https:\/\/canaryvip.com\/hu\/the-ultimate-shopping-guide-in-tenerife\/#Main_Shopping_Areas_in_the_South\" >F\u0151 bev\u00e1s\u00e1rl\u00f3k\u00f6zpontok d\u00e9len<\/a><\/li><li class='ez-toc-page-1 ez-toc-heading-level-3'><a class=\"ez-toc-link ez-toc-heading-5\" href=\"https:\/\/canaryvip.com\/hu\/the-ultimate-shopping-guide-in-tenerife\/#Shopping_in_Santa_Cruz_and_La_Laguna\" >V\u00e1s\u00e1rl\u00e1s Santa Cruzban \u00e9s La Lagun\u00e1ban<\/a><\/li><li class='ez-toc-page-1 ez-toc-heading-level-3'><a class=\"ez-toc-link ez-toc-heading-6\" href=\"https:\/\/canaryvip.com\/hu\/the-ultimate-shopping-guide-in-tenerife\/#What_to_Buy_in_Tenerife\" >Mit \u00e9rdemes v\u00e1s\u00e1rolni Tenerif\u00e9n<\/a><\/li><li class='ez-toc-page-1 ez-toc-heading-level-3'><a class=\"ez-toc-link ez-toc-heading-7\" href=\"https:\/\/canaryvip.com\/hu\/the-ultimate-shopping-guide-in-tenerife\/#Tenerifes_Best_Markets\" >Tenerife legjobb piacai<\/a><\/li><li class='ez-toc-page-1 ez-toc-heading-level-3'><a class=\"ez-toc-link ez-toc-heading-8\" href=\"https:\/\/canaryvip.com\/hu\/the-ultimate-shopping-guide-in-tenerife\/#Clothes_Shopping_in_Tenerife\" >Ruhav\u00e1s\u00e1rl\u00e1s Tenerif\u00e9n<\/a><\/li><li class='ez-toc-page-1 ez-toc-heading-level-3'><a class=\"ez-toc-link ez-toc-heading-9\" href=\"https:\/\/canaryvip.com\/hu\/the-ultimate-shopping-guide-in-tenerife\/#Practical_Shopping_Tips\" >Gyakorlati v\u00e1s\u00e1rl\u00e1si tippek<\/a><\/li><\/ul><\/li><li class='ez-toc-page-1 ez-toc-heading-level-2'><a class=\"ez-toc-link ez-toc-heading-10\" href=\"https:\/\/canaryvip.com\/hu\/the-ultimate-shopping-guide-in-tenerife\/#Explore_Tenerife_with_CanaryVIP\" >Fedezze fel Tenerif\u00e9t az CanaryVIP-vel<\/a><\/li><\/ul><\/nav><\/div>\n<h2><span class=\"ez-toc-section\" id=\"Shopping_in_Tenerife_Where_to_Go_What_to_Buy_and_How_to_Save\"><\/span>V\u00e1s\u00e1rl\u00e1s Tenerif\u00e9n: Tenerife: Hov\u00e1 menj\u00fcnk, mit v\u00e1s\u00e1roljunk, \u00e9s hogyan takar\u00edtsunk meg<span class=\"ez-toc-section-end\"><\/span><\/h2>\n<p>Tenerife nem csak tengerpart \u00e9s vulk\u00e1nok, hanem Eur\u00f3pa egyik legjobb helye a <strong>megfizethet\u0151 v\u00e1s\u00e1rl\u00e1s<\/strong>. A Kan\u00e1ri-szigetek k\u00fcl\u00f6nleges ad\u00f3st\u00e1tusz\u00e1nak k\u00f6sz\u00f6nhet\u0151en a parf\u00fcm\u00f6k, az elektronikai cikkek, az alkohol \u00e9s a doh\u00e1ny\u00e1ruk \u00e1rai \u00e9szrevehet\u0151en alacsonyabbak, mint a spanyol sz\u00e1razf\u00f6ld\u00f6n vagy az Egyes\u00fclt Kir\u00e1lys\u00e1gban. Ha ehhez hozz\u00e1adjuk a nemzetk\u00f6zi nagy\u00e1ruh\u00e1zi m\u00e1rk\u00e1k, a helyi piacok \u00e9s a hagyom\u00e1nyos kan\u00e1ri term\u00e9kek j\u00f3 kever\u00e9k\u00e9t, akkor olyan v\u00e1s\u00e1rl\u00e1si c\u00e9lpontot kapunk, amely k\u00f6r\u00fcl \u00e9rdemes tervezni.<\/p>\n<p>Ez az \u00fatik\u00f6nyv bemutatja a f\u0151bb bev\u00e1s\u00e1rl\u00f3\u00f6vezeteket, azt, hogy mi az, ami val\u00f3ban olcs\u00f3bb (\u00e9s mi nem), a legjobb piacokat, valamint gyakorlati tippeket ad, hogy a lehet\u0151 legjobban kihaszn\u00e1lhassa a v\u00e1s\u00e1rl\u00e1sra sz\u00e1nt id\u0151t Tenerif\u00e9n.<\/p>\n<h3><span class=\"ez-toc-section\" id=\"Why_Is_Shopping_Cheaper_in_Tenerife\"><\/span>Mi\u00e9rt olcs\u00f3bb a v\u00e1s\u00e1rl\u00e1s Tenerif\u00e9n?<span class=\"ez-toc-section-end\"><\/span><\/h3>\n<p><img decoding=\"async\" class=\"wp-image-10733 alignnone\" src=\"https:\/\/canaryvip.com\/wp-content\/uploads\/2024\/03\/Picsart_24-03-28_20-48-54-309-300x158.png\" alt=\"IGIC ad\u00f3 Tenerife v\u00e1s\u00e1rl\u00e1s olcs\u00f3bb\" width=\"800\" height=\"420\" title=\"\" srcset=\"https:\/\/canaryvip.com\/wp-content\/uploads\/2024\/03\/Picsart_24-03-28_20-48-54-309-300x158.png 300w, https:\/\/canaryvip.com\/wp-content\/uploads\/2024\/03\/Picsart_24-03-28_20-48-54-309-18x9.png 18w, https:\/\/canaryvip.com\/wp-content\/uploads\/2024\/03\/Picsart_24-03-28_20-48-54-309-600x315.png 600w, https:\/\/canaryvip.com\/wp-content\/uploads\/2024\/03\/Picsart_24-03-28_20-48-54-309.png 735w\" sizes=\"(max-width: 800px) 100vw, 800px\" \/><\/p>\n<p>A r\u00f6vid v\u00e1lasz: <strong>ad\u00f3<\/strong>. A Kan\u00e1ri-szigetek nem alkalmazz\u00e1k a Spanyolorsz\u00e1gban szok\u00e1sos 21% \u00c1FA-t (IVA). Ehelyett saj\u00e1t rendszer\u00fck van, az \u00fagynevezett <strong>IGIC<\/strong> (Impuesto General Indirecto Canario), amelynek \u00e1ltal\u00e1nos m\u00e9rt\u00e9ke mind\u00f6ssze <strong>7%<\/strong>. Egyes \u00e1ruk eset\u00e9ben az ad\u00f3m\u00e9rt\u00e9k m\u00e9g alacsonyabb - a ruh\u00e1zati cikkek \u00e9s cip\u0151k 3%, az alapvet\u0151 \u00e9lelmiszerek pedig 0% ut\u00e1n ad\u00f3znak.<\/p>\n<p>Ez a 14 sz\u00e1zal\u00e9kpontos k\u00fcl\u00f6nbs\u00e9g az anyaorsz\u00e1gi Spanyolorsz\u00e1ghoz k\u00e9pest (\u00e9s m\u00e9g nagyobb k\u00fcl\u00f6nbs\u00e9g a brit \u00e1f\u00e1hoz k\u00e9pest, amely 20%) val\u00f3di megtakar\u00edt\u00e1st jelent sz\u00e1mos term\u00e9k eset\u00e9ben. A k\u00f6vetkez\u0151 kateg\u00f3ri\u00e1kban lesz a legnagyobb k\u00fcl\u00f6nbs\u00e9g tapasztalhat\u00f3 <strong>parf\u00fcm\u00f6k, kozmetikumok, elektronikai cikkek, alkohol \u00e9s doh\u00e1ny\u00e1ruk.<\/strong> - ezek l\u00e9nyegesen olcs\u00f3bbak, mint amit az Egyes\u00fclt Kir\u00e1lys\u00e1gban vagy \u00c9szak-Eur\u00f3p\u00e1ban fizetne.<\/p>\n<p>Fontos azonban, hogy re\u00e1lisak legy\u00fcnk. A nemzetk\u00f6zi l\u00e1ncok (Zara, H&amp;M, Mango) h\u00e9tk\u00f6znapi ruh\u00e1i hasonl\u00f3 \u00e1r\u00faak lesznek, mint b\u00e1rmelyik eur\u00f3pai v\u00e1rosban - az IGIC megtakar\u00edt\u00e1s ott van, de ez egy 30 eur\u00f3s ing eset\u00e9ben szer\u00e9ny. Ahol a megtakar\u00edt\u00e1s igaz\u00e1n j\u00f3l j\u00f6n ki, az a nagyobb \u00e9rt\u00e9k\u0171 cikkek: egy 100 eur\u00f3s parf\u00fcm, egy \u00faj telefon vagy egy l\u00e1da helyi bor.<\/p>\n<p>Egy dolgot meg kell jegyezni: a Kan\u00e1ri-szigeteket \u00fagy kezelik, mint a <strong>az EU v\u00e1mter\u00fclet\u00e9n k\u00edv\u00fcl<\/strong> ad\u00f3z\u00e1si c\u00e9lokra. Ha rep\u00fcl\u0151vel \u00e9rkezik vissza az Egyes\u00fclt Kir\u00e1lys\u00e1gba, ugyanazokon a v\u00e1mszab\u00e1lyokon kell \u00e1tesnie, mintha nem uni\u00f3s orsz\u00e1gb\u00f3l \u00e9rkezne. A Kan\u00e1ri-szigetekr\u0151l sz\u00e1rmaz\u00f3 szem\u00e9lyes \u00e1rukra vonatkoz\u00f3 jelenlegi brit enged\u00e9lyek k\u00f6z\u00e9 tartozik 200 sz\u00e1l cigaretta, 1 liter szeszes ital, 2 liter szeszezett bor \u00e9s szem\u00e9lyenk\u00e9nt legfeljebb 390 font \u00e9rt\u00e9k\u0171 egy\u00e9b \u00e1ru.<\/p>\n<h3><span class=\"ez-toc-section\" id=\"Siam_Mall_Tenerifes_Biggest_Shopping_Centre\"><\/span>Siam Mall: Tenerife legnagyobb bev\u00e1s\u00e1rl\u00f3k\u00f6zpontja<span class=\"ez-toc-section-end\"><\/span><\/h3>\n<p><img decoding=\"async\" class=\"alignnone size-full wp-image-17013\" src=\"https:\/\/canaryvip.com\/wp-content\/uploads\/2024\/06\/shoppingtenerifesiammall.webp\" alt=\"Bev\u00e1s\u00e1rl\u00e1s Siam Mall Tenerife\" width=\"1400\" height=\"681\" title=\"\" srcset=\"https:\/\/canaryvip.com\/wp-content\/uploads\/2024\/06\/shoppingtenerifesiammall.webp 1400w, https:\/\/canaryvip.com\/wp-content\/uploads\/2024\/06\/shoppingtenerifesiammall-300x146.webp 300w, https:\/\/canaryvip.com\/wp-content\/uploads\/2024\/06\/shoppingtenerifesiammall-1024x498.webp 1024w, https:\/\/canaryvip.com\/wp-content\/uploads\/2024\/06\/shoppingtenerifesiammall-18x9.webp 18w, https:\/\/canaryvip.com\/wp-content\/uploads\/2024\/06\/shoppingtenerifesiammall-600x292.webp 600w\" sizes=\"(max-width: 1400px) 100vw, 1400px\" \/><\/p>\n<p>Ha d\u00e9len maradsz, <strong>Siam Mall bev\u00e1s\u00e1rl\u00f3k\u00f6zpont<\/strong> Costa Adej\u00e9ben a f\u0151 esem\u00e9ny. Ez Tenerife legnagyobb bev\u00e1s\u00e1rl\u00f3k\u00f6zpontja - t\u00f6bb mint 80 \u00fczlet k\u00e9t emeleten, szabadt\u00e9ri kialak\u00edt\u00e1s\u00fa, thaif\u00f6ldi ihlet\u00e9s\u0171 \u00e9p\u00edt\u00e9szettel, \u00e9s az \u00e9v 365 napj\u00e1n nyitva tart.<\/p>\n<p>A m\u00e1rkak\u00edn\u00e1lat nagyj\u00e1b\u00f3l azt ny\u00fajtja, amit egy nagy eur\u00f3pai bev\u00e1s\u00e1rl\u00f3k\u00f6zpontban elv\u00e1rhat az ember: <strong>Zara, H&amp;M, Mango, Bershka, Stradivarius, JD Sports, Guess, Lacoste, Swarovski, Pandora, Calzedonia, Intimissimi, Massimo Dutti.<\/strong>, \u00e9s \u00edgy tov\u00e1bb. Van m\u00e9g egy nagy <strong>Baloldaliak<\/strong> \u00e1ruh\u00e1z (Zara outlet m\u00e1rk\u00e1ja), amely n\u00e9pszer\u0171 a kedvez\u0151 \u00e1r\u00fa divat, \u00e9s egy <strong>Primor<\/strong> kedvezm\u00e9nyes \u00e1r\u00fa parf\u00fcm\u00f6k \u00e9s kozmetikumok.<\/p>\n<p>A <strong>HiperDino szupermarket<\/strong> a bev\u00e1s\u00e1rl\u00f3k\u00f6zpontban hasznos a helyi bor, ol\u00edvaolaj, mojo sz\u00f3sz \u00e9s m\u00e1s \u00e9lelmiszerek beszerz\u00e9se, amelyeket hazavihet\u00fcnk - gyakran jobb \u00e1ron, mint a rept\u00e9ri boltokban.<\/p>\n<p>Gyakorlati r\u00e9szletek: Siam Mall van <strong>1,100 ingyenes parkol\u00f3hely<\/strong> (f\u00f6ldfelsz\u00edni \u00e9s f\u00f6ldalatti) \u00e9s egy <strong>ingyenes buszj\u00e1rat<\/strong> Los Cristianos, Playa de las Am\u00e9ricas \u00e9s Costa Adeje meg\u00e1ll\u00f3kkal. K\u00f6zvetlen\u00fcl az Siam Park mellett tal\u00e1lhat\u00f3, \u00edgy sokan kombin\u00e1lj\u00e1k a v\u00e1s\u00e1rl\u00e1st az aquapark megl\u00e1togat\u00e1s\u00e1val.<\/p>\n<h3><span class=\"ez-toc-section\" id=\"Main_Shopping_Areas_in_the_South\"><\/span>F\u0151 bev\u00e1s\u00e1rl\u00f3k\u00f6zpontok d\u00e9len<span class=\"ez-toc-section-end\"><\/span><\/h3>\n<p><img decoding=\"async\" class=\"wp-image-10877 alignnone\" src=\"https:\/\/canaryvip.com\/wp-content\/uploads\/2024\/03\/18472850-300x220.jpg\" alt=\"Bev\u00e1s\u00e1rl\u00f3ter\u00fcletek Tenerife d\u00e9li r\u00e9sz\u00e9n\" width=\"800\" height=\"586\" title=\"\" srcset=\"https:\/\/canaryvip.com\/wp-content\/uploads\/2024\/03\/18472850-300x220.jpg 300w, https:\/\/canaryvip.com\/wp-content\/uploads\/2024\/03\/18472850-1024x751.jpg 1024w, https:\/\/canaryvip.com\/wp-content\/uploads\/2024\/03\/18472850-16x12.jpg 16w, https:\/\/canaryvip.com\/wp-content\/uploads\/2024\/03\/18472850-1536x1126.jpg 1536w, https:\/\/canaryvip.com\/wp-content\/uploads\/2024\/03\/18472850-600x440.jpg 600w, https:\/\/canaryvip.com\/wp-content\/uploads\/2024\/03\/18472850.jpg 1473w\" sizes=\"(max-width: 800px) 100vw, 800px\" \/><\/p>\n<p>Tenerife d\u00e9li r\u00e9sz\u00e9n sz\u00e1ll meg a legt\u00f6bb l\u00e1togat\u00f3, \u00e9s itt tal\u00e1lhat\u00f3 a legt\u00f6bb v\u00e1s\u00e1rl\u00e1si lehet\u0151s\u00e9g a szigeten. Itt van, hogy mi hol tal\u00e1lhat\u00f3:<\/p>\n<p><strong>La Milla de Oro (Az Arany M\u00e9rf\u00f6ld) \u00e9s Centro Comercial Safari.<\/strong> Az Avenida de las Americas Los Cristianos \u00e9s Playa de las Americas k\u00f6z\u00f6tti szakasz\u00e1t a helyiek La Milla de Oro n\u00e9ven ismerik. \u00dczletek, \u00e9ttermek, b\u00e1rok \u00e9s sz\u00e1llod\u00e1k szeg\u00e9lyezik. A Safari bev\u00e1s\u00e1rl\u00f3k\u00f6zpont k\u00f6zvetlen\u00fcl ezen a s\u00e1von tal\u00e1lhat\u00f3, \u00e9s a k\u00f6rny\u00e9k egyik legelismertebb bev\u00e1s\u00e1rl\u00f3k\u00f6zpontja, ahol designer m\u00e1rk\u00e1k (Hugo Boss, Armani), \u00e9kszer\u00e9szek \u00e9s er\u0151s \u00e9ttermi szc\u00e9na v\u00e1rja a v\u00e1s\u00e1rl\u00f3kat. A Safari sz\u00f6k\u0151kutas plaza est\u00e9nk\u00e9nt \u00f6sszehangolt f\u00e9ny- \u00e9s v\u00edzi show-val elevenedik meg, kokt\u00e9lb\u00e1rok \u00e9s \u00e9ttermek veszik k\u00f6r\u00fcl. A Hard Rock Cafe k\u00f6zvetlen\u00fcl szemben tal\u00e1lhat\u00f3.<\/p>\n<p><strong>Plaza del Duque.<\/strong> A Costa Adeje Playa del Duque melletti el\u0151kel\u0151 ter\u00fcleten tal\u00e1lhat\u00f3, ez a Tenerife legk\u00f6zelebbi luxusv\u00e1s\u00e1rl\u00e1si lehet\u0151s\u00e9ge. Olyan nemzetk\u00f6zi m\u00e1rk\u00e1k, mint a Cartier, az Escada \u00e9s az Armani mellett cs\u00facskateg\u00f3ri\u00e1s \u00e9kszer\u00e9szek \u00e9s butikok is megtal\u00e1lhat\u00f3k. Van itt gy\u00f3gyszert\u00e1r, gyermekr\u00e9szleg \u00e9s t\u00f6bb min\u0151s\u00e9gi \u00e9tterem is. Az \u00e9v 365 napj\u00e1n, d\u00e9lel\u0151tt 10 \u00e9s este 10 \u00f3ra k\u00f6z\u00f6tt tart nyitva. Az els\u0151 \u00f3ra parkol\u00e1s ingyenes.<\/p>\n<p><strong>Parque Comercial Adeje Shopping.<\/strong> A d\u00e9li r\u00e9sz leg\u00fajabb nagy bev\u00e1s\u00e1rl\u00f3k\u00f6zpontja Adeje v\u00e1ros\u00e1ban (Avenida de Ayyo), a tengerparti \u00fcd\u00fcl\u0151helyekt\u0151l kb. 15 percre a sz\u00e1razf\u00f6ld belsej\u00e9ben tal\u00e1lhat\u00f3. A k\u00f6zpontot a k\u00f6vetkez\u0151k alkotj\u00e1k <strong>Leroy Merlin<\/strong> (Tenerife d\u00e9li r\u00e9sz\u00e9n az els\u0151 nagy bark\u00e1cs\u00e1ruh\u00e1z\/otthonbolt), valamint a k\u00f6vetkez\u0151kkel rendelkezik <strong>MediaMarkt<\/strong> (elektronika, megnyitva 2024 m\u00e1jus\u00e1ban), <strong>Decathlon<\/strong> (sport), <strong>Kiabi<\/strong> (megfizethet\u0151 csal\u00e1di ruh\u00e1zat), <strong>Kiwoko<\/strong> (h\u00e1zi\u00e1llatok), <strong>HiperDino<\/strong> (szupermarket), <strong>McDonald's<\/strong>, <strong>Burger King<\/strong>, \u00e9s <strong>Popeye's<\/strong>. A ter\u00fclet t\u00f6bb mint 365 000 m2 -en ter\u00fcl el, \u00e9s m\u00e9g mindig b\u0151v\u00fcl. Ha nem turisztikai szuven\u00edrekre, hanem praktikus v\u00e1s\u00e1rl\u00e1si lehet\u0151s\u00e9gekre (h\u00e1ztart\u00e1si cikkek, elektronikai cikkek, gyermekruh\u00e1zat, sportfelszerel\u00e9sek) van sz\u00fcks\u00e9ge, akkor itt a helye.<\/p>\n<p><strong>Centro Comercial El Mirador.<\/strong> A Playa del Duque k\u00f6zel\u00e9ben tal\u00e1lhat\u00f3 kis, vonz\u00f3 bev\u00e1s\u00e1rl\u00f3k\u00f6zpontot \u00fagy alak\u00edtott\u00e1k ki, mint egy hagyom\u00e1nyos kan\u00e1ri falut, f\u00fcggetlen butikokkal, strandruha-\u00fczletekkel, k\u00e9zzel k\u00e9sz\u00edtett aj\u00e1nd\u00e9kt\u00e1rgyakkal \u00e9s tengerre n\u00e9z\u0151 \u00e9ttermekkel. Minden h\u00f3nap 1. \u00e9s 3. vas\u00e1rnapj\u00e1n k\u00e9zm\u0171ves k\u00e9zm\u0171ves v\u00e1s\u00e1rnak ad otthont.<\/p>\n<p><strong>Centro Comercial Gran Sur (X-Sur).<\/strong> A Gran Sur Adej\u00e9ben, a TF-1-es aut\u00f3p\u00e1lya k\u00f6zel\u00e9ben tal\u00e1lhat\u00f3, \u00e9s mozi (Yelmo Cines), szupermarket, \u00e9ttermek \u00e9s k\u00fcl\u00f6nb\u00f6z\u0151 \u00fczletl\u00e1ncok tal\u00e1lhat\u00f3k itt. A Siam Mall megnyit\u00e1sa el\u0151tt ez volt a f\u0151 nagy bev\u00e1s\u00e1rl\u00f3k\u00f6zpont d\u00e9len, \u00e9s m\u00e9g mindig hasznos a mindennapi bev\u00e1s\u00e1rl\u00e1shoz, b\u00e1r a divatk\u00edn\u00e1lat korl\u00e1tozottabb.<\/p>\n<h3><span class=\"ez-toc-section\" id=\"Shopping_in_Santa_Cruz_and_La_Laguna\"><\/span>V\u00e1s\u00e1rl\u00e1s Santa Cruzban \u00e9s La Lagun\u00e1ban<span class=\"ez-toc-section-end\"><\/span><\/h3>\n<p><iframe title=\"Santa Cruz de Tenerife 2026 \ud83c\uddea\ud83c\uddf8 Calle del Castillo gyalogt\u00fara |V\u00e1ros sz\u00edve |Kan\u00e1riszigetek\" width=\"640\" height=\"360\" src=\"https:\/\/www.youtube.com\/embed\/Bq4VBoK4WVI?feature=oembed\" frameborder=\"0\" allow=\"accelerometer; autoplay; clipboard-write; encrypted-media; gyroscope; picture-in-picture; web-share\" referrerpolicy=\"strict-origin-when-cross-origin\" allowfullscreen><\/iframe><\/p>\n<p>Ha hajland\u00f3 \u00e9szakra utazni (k\u00f6r\u00fclbel\u00fcl egy \u00f3ra aut\u00f3val vagy busszal a d\u00e9li \u00fcd\u00fcl\u0151helyekt\u0151l), Santa Cruz \u00e9s La Laguna m\u00e1s v\u00e1s\u00e1rl\u00e1si \u00e9lm\u00e9nyt k\u00edn\u00e1l:<\/p>\n<p><strong>Calle del Castillo, Santa Cruz de Tenerife.<\/strong> - A sziget f\u0151 f\u0151utc\u00e1ja \u00e9s a f\u0151v\u00e1ros bev\u00e1s\u00e1rl\u00f3k\u00f6zpontja. Hossz\u00fa, s\u00e9t\u00e1l\u00f3utca, amelyet spanyol \u00e9s nemzetk\u00f6zi m\u00e1rk\u00e1k, f\u00fcggetlen \u00fczletek, k\u00e1v\u00e9z\u00f3k \u00e9s alkalmi utcai fell\u00e9p\u0151k szeg\u00e9lyeznek. A helyiek itt v\u00e1s\u00e1rolnak, \u00edgy a hangulat sokkal hitelesebb, mint az \u00fcd\u00fcl\u0151k\u00f6zpontok bev\u00e1s\u00e1rl\u00f3k\u00f6zpontjaiban. Megtal\u00e1lhat\u00f3 <strong>Primark<\/strong> (a Centro Comercial Meridiano belsej\u00e9ben, az egyetlen a szigeten), <strong>Zara<\/strong>, \u00e9s t\u00f6bb tucat m\u00e1s \u00fczlet az utca ment\u00e9n.<\/p>\n<p><strong>El Corte Ingles, Santa Cruz.<\/strong> A spanyol ikonikus \u00e1ruh\u00e1znak Santa Cruzban (Avenida Tres de Mayo) van egy nagy fi\u00f3kja. Mindent \u00e1rul: divat, elektronika, kozmetikumok, \u00e9lelmiszerek, h\u00e1ztart\u00e1si cikkek, csomagok. A parf\u00fcm- \u00e9s kozmetikai r\u00e9szleg az IGIC-nek k\u00f6sz\u00f6nhet\u0151en gyakran versenyk\u00e9pes \u00e1rakat k\u00edn\u00e1l. Tenerife d\u00e9li r\u00e9sz\u00e9r\u0151l ingyenes buszj\u00e1ratot ind\u00edtanak, b\u00e1r a vissza\u00fathoz fel kell mutatni az \u00fczletben kapott blokkot. Ha megszoktad, hogy \u00e1ruh\u00e1zakban v\u00e1s\u00e1rolsz, \u00e9s egyablakos \u00e9lm\u00e9nyre v\u00e1gysz, ez az.<\/p>\n<p><strong>Calle San Agustin \u00e9s k\u00f6rny\u00e9ke, La Laguna.<\/strong> - Tenerife UNESCO-list\u00e1n szerepl\u0151 egykori f\u0151v\u00e1rosa teljesen m\u00e1s hangulat\u00fa bev\u00e1s\u00e1rl\u00f3k\u00f6zpont. Az utc\u00e1k tele vannak kis f\u00fcggetlen butikokkal, k\u00f6nyvesboltokkal, k\u00e9zm\u0171ves boltokkal \u00e9s k\u00e9zm\u0171ves \u00e9lelmiszer\u00fczletekkel, amelyek gy\u00f6ny\u00f6r\u0171 gyarmati \u00e9p\u00edt\u00e9szeti st\u00edlusban \u00e9p\u00fcltek. Ez a legjobb hely a szigeten, ahol <strong>egyedi aj\u00e1nd\u00e9kok \u00e9s helyi k\u00e9zm\u0171ves term\u00e9kek<\/strong>. La Laguna \u00e9l\u00e9nk k\u00e1v\u00e9z\u00f3kult\u00far\u00e1val is rendelkezik, ami nagyon kellemesen teszi a b\u00f6ng\u00e9sz\u00e9st.<\/p>\n<p><strong>Puerto de la Cruz.<\/strong> - Az \u00e9szaki f\u0151 \u00fcd\u00fcl\u0151v\u00e1rosban van egy kompakt bev\u00e1s\u00e1rl\u00f3k\u00f6zpont \u00e9s t\u00f6bb s\u00e9t\u00e1l\u00f3utca, ahol turista\u00fczletek \u00e9s helyi \u00fczletek kever\u00e9ke tal\u00e1lhat\u00f3. Kev\u00e9sb\u00e9 kifinomult, mint Costa Adeje, de \u00e9rdekesebb a b\u00f6ng\u00e9sz\u00e9s, egyes \u00e1rucikkek jobb \u00e1ron kaphat\u00f3k, \u00e9s er\u0151sebb a helyi jelleg.<\/p>\n<h3><span class=\"ez-toc-section\" id=\"What_to_Buy_in_Tenerife\"><\/span>Mit \u00e9rdemes v\u00e1s\u00e1rolni Tenerif\u00e9n<span class=\"ez-toc-section-end\"><\/span><\/h3>\n<p><img decoding=\"async\" class=\"alignnone size-full wp-image-17022\" src=\"https:\/\/canaryvip.com\/wp-content\/uploads\/2024\/06\/shoppingtenerife.webp\" alt=\"Bev\u00e1s\u00e1rl\u00e1s Tenerife\" width=\"1376\" height=\"768\" title=\"\" srcset=\"https:\/\/canaryvip.com\/wp-content\/uploads\/2024\/06\/shoppingtenerife.webp 1376w, https:\/\/canaryvip.com\/wp-content\/uploads\/2024\/06\/shoppingtenerife-300x167.webp 300w, https:\/\/canaryvip.com\/wp-content\/uploads\/2024\/06\/shoppingtenerife-1024x572.webp 1024w, https:\/\/canaryvip.com\/wp-content\/uploads\/2024\/06\/shoppingtenerife-18x10.webp 18w, https:\/\/canaryvip.com\/wp-content\/uploads\/2024\/06\/shoppingtenerife-600x335.webp 600w\" sizes=\"(max-width: 1376px) 100vw, 1376px\" \/>\u00cdme, mit \u00e9rdemes Tenerif\u00e9n v\u00e1s\u00e1rolni - vagy az\u00e9rt, mert olcs\u00f3bb, mint otthon, vagy mert m\u00e1shol nem kaphat\u00f3:<\/p>\n<p><strong>Parf\u00fcm\u00f6k \u00e9s kozmetikumok.<\/strong> Ez a legnagyobb nyeres\u00e9g a legt\u00f6bb v\u00e1s\u00e1rl\u00f3 sz\u00e1m\u00e1ra. Az olyan \u00fczletek, mint a <strong>Primor<\/strong> (a Siam Mallban \u00e9s a Santa Cruzban) nagy m\u00e1rk\u00e1kat \u00e1rulnak j\u00f3val az Egyes\u00fclt Kir\u00e1lys\u00e1gban\/n\u00e9met kiskereskedelmi \u00e1r alatt. Az IGIC-k\u00fcl\u00f6nbs\u00e9g legink\u00e1bb a pr\u00e9mium illatokn\u00e1l \u00e9rezhet\u0151. A Tenerife South \u00e9s Tenerife North rep\u00fcl\u0151t\u00e9ri v\u00e1mmentes \u00fczletei szint\u00e9n versenyk\u00e9pes \u00e1rakat k\u00edn\u00e1lnak a parf\u00fcm\u00f6k, kozmetikumok \u00e9s b\u0151r\u00e1pol\u00f3szerek ter\u00e9n.<\/p>\n<p><strong>Helyi bor.<\/strong> Tenerif\u00e9n \u00f6t eredetmegjel\u00f6l\u00e9s van, \u00e9s a vulkanikus talajb\u00f3l n\u00e9h\u00e1ny val\u00f3ban \u00e9rdekes bort \u00e1ll\u00edt el\u0151 - k\u00fcl\u00f6n\u00f6sen a feh\u00e9reket \u00e9s a roz\u00e9 borokat. A palackok \u00e1ra a szupermarketekben \u00e9s a helyi boltokban 5-15 eur\u00f3, \u00e9s a Kan\u00e1ri-szigeteken k\u00edv\u00fcl neh\u00e9z vagy lehetetlen hozz\u00e1jutni. A <strong>Malvas\u00eda<\/strong> sz\u0151l\u0151fajta jellegzetes \u00e9s kiv\u00e1l\u00f3 eml\u00e9kt\u00e1rgy. Az \u00e9szaki (Tacoronte-Acentejo r\u00e9gi\u00f3) \u00e9s a d\u00e9li Vilaflor k\u00f6rny\u00e9k\u00e9n tal\u00e1lhat\u00f3 bodeg\u00e1k k\u00f3stol\u00f3kat \u00e9s k\u00f6zvetlen \u00e9rt\u00e9kes\u00edt\u00e9st k\u00edn\u00e1lnak.<\/p>\n<p><strong>Mojo sz\u00f3sz.<\/strong> Az ikonikus kan\u00e1ri f\u0171szer - piros (enyh\u00e9n cs\u00edp\u0151s) \u00e9s z\u00f6ld (koriander alap\u00fa) v\u00e1ltozatban. A szupermarketekt\u0151l a rept\u00e9ri boltokig mindenhol kaphat\u00f3. A palackok j\u00f3l utaznak, \u00e9s remek aj\u00e1nd\u00e9knak is megfelelnek.<\/p>\n<p><strong>Aloe vera term\u00e9kek.<\/strong> Tenerif\u00e9n kereskedelmi forgalomban termesztik az aloe ver\u00e1t, \u00e9s a helyi m\u00e1rk\u00e1k j\u00f3 \u00e1ron gy\u00e1rtanak b\u0151r\u00e1pol\u00f3 kr\u00e9meket, g\u00e9leket \u00e9s szappanokat. Ezek sz\u00e9les k\u00f6rben kaphat\u00f3k a gy\u00f3gyszert\u00e1rakban, piacokon \u00e9s turisztikai boltokban.<\/p>\n<p><strong>Helyi sajt.<\/strong> A kan\u00e1ri sajtok (k\u00fcl\u00f6n\u00f6sen a kecskesajtok) kiv\u00e1l\u00f3ak \u00e9s d\u00edjnyertes term\u00e9kek. A piacokon \u00e9s a HiperDino szupermarketekben a k\u00f6nny\u0171 sz\u00e1ll\u00edt\u00e1s \u00e9rdek\u00e9ben v\u00e1kuumcsomagolt v\u00e1ltozatok is kaphat\u00f3k.<\/p>\n<p><strong>M\u00e9zes rum (ron miel).<\/strong> Kan\u00e1ri specialit\u00e1s - \u00e9des, l\u00e1gy, \u00e9s nagyon n\u00e9pszer\u0171 aj\u00e1nd\u00e9kk\u00e9nt vagy vacsora ut\u00e1ni italk\u00e9nt. A szupermarketekben palackonk\u00e9nt 8-12 \u20ac-t\u00f3l kaphat\u00f3.<\/p>\n<p><strong>Elektronika.<\/strong> A telefonok, t\u00e1blag\u00e9pek, f\u00e9nyk\u00e9pez\u0151g\u00e9pek \u00e9s fejhallgat\u00f3k olcs\u00f3bbak lehetnek, mint az Egyes\u00fclt Kir\u00e1lys\u00e1gban vagy a kontinent\u00e1lis Eur\u00f3p\u00e1ban, de v\u00e1s\u00e1roljon a hivatalos kiskeresked\u0151kn\u00e9l, mint pl. <strong>Worten, MediaMarkt vagy El Corte Ingl\u00e9s<\/strong> a garancia \u00e9s a hiteless\u00e9g biztos\u00edt\u00e1sa \u00e9rdek\u00e9ben. Ker\u00fclje a turisztikai ter\u00fcleten tal\u00e1lhat\u00f3, m\u00e1rka n\u00e9lk\u00fcli term\u00e9keket \u201cakci\u00f3s\u201d \u00e1ron \u00e1rus\u00edt\u00f3 elektronikai \u00fczleteket.<\/p>\n<p><strong>Doh\u00e1ny \u00e9s alkohol.<\/strong> Az alacsonyabb ad\u00f3k miatt l\u00e9nyegesen olcs\u00f3bb, mint az Egyes\u00fclt Kir\u00e1lys\u00e1gban. Csak maradjon a saj\u00e1t orsz\u00e1ga v\u00e1mhat\u00e1rain bel\u00fcl.<\/p>\n<h3><span class=\"ez-toc-section\" id=\"Tenerifes_Best_Markets\"><\/span>Tenerife legjobb piacai<span class=\"ez-toc-section-end\"><\/span><\/h3>\n<p><img decoding=\"async\" class=\"wp-image-10879 alignnone\" src=\"https:\/\/canaryvip.com\/wp-content\/uploads\/2024\/03\/2149672985-300x200.jpg\" alt=\"Tenerife helyi piacok v\u00e1s\u00e1rl\u00e1s\" width=\"800\" height=\"533\" title=\"\" srcset=\"https:\/\/canaryvip.com\/wp-content\/uploads\/2024\/03\/2149672985-300x200.jpg 300w, https:\/\/canaryvip.com\/wp-content\/uploads\/2024\/03\/2149672985-1024x682.jpg 1024w, https:\/\/canaryvip.com\/wp-content\/uploads\/2024\/03\/2149672985-18x12.jpg 18w, https:\/\/canaryvip.com\/wp-content\/uploads\/2024\/03\/2149672985-1536x1024.jpg 1536w, https:\/\/canaryvip.com\/wp-content\/uploads\/2024\/03\/2149672985-600x400.jpg 600w, https:\/\/canaryvip.com\/wp-content\/uploads\/2024\/03\/2149672985.jpg 1620w\" sizes=\"(max-width: 800px) 100vw, 800px\" \/><\/p>\n<p>A tenerifei piacokat a hangulat \u00e9s a v\u00e1s\u00e1rl\u00e1s miatt is \u00e9rdemes felkeresni. \u00cdme a legfontosabbak:<\/p>\n<p><strong>Mercado de Nuestra Se\u00f1ora de \u00c1frica, Santa Cruz<\/strong> - Tenerife legikonikusabb piaca, amely egy gy\u00f6ny\u00f6r\u0171, m\u00f3r \u00e9p\u00edt\u00e9szet\u0171 \u00e9p\u00fcletben tal\u00e1lhat\u00f3. A f\u00f6ldszinten friss term\u00e9keket, vir\u00e1gokat, h\u00fast \u00e9s halat \u00e1rulnak. Az emeleten \u00e9s a k\u00f6rnyez\u0151 b\u00f3d\u00e9kban helyi k\u00e9zm\u0171ves term\u00e9keket, f\u0171szereket, sajtokat \u00e9s egy\u00e9b k\u00e9zm\u0171ves term\u00e9keket tal\u00e1l. Ez egy m\u0171k\u00f6d\u0151 piac, amelyet a helyiek naponta haszn\u00e1lnak, nem pedig egy turista l\u00e1tv\u00e1nyoss\u00e1g - \u00e9s pont ett\u0151l olyan nagyszer\u0171. H\u00e9tf\u0151t\u0151l szombatig d\u00e9lel\u0151tt\u00f6nk\u00e9nt tart nyitva; vas\u00e1rnaponk\u00e9nt a legnagyobb a forgalom, amikor a k\u00f6rny\u00e9ken bolhapiac m\u0171k\u00f6dik.<\/p>\n<p><strong>Los Cristianos piac<\/strong> - D\u00e9lvid\u00e9k egyik legnagyobb szabadt\u00e9ri piaca, amelyet vas\u00e1rnaponk\u00e9nt \u00e9s cs\u00fct\u00f6rt\u00f6k\u00f6nk\u00e9nt tartanak. A v\u00e1laszt\u00e9k er\u0151sen a turistacikkek - ruh\u00e1zat, kieg\u00e9sz\u00edt\u0151k, napszem\u00fcvegek, t\u00e1sk\u00e1k - fel\u00e9 hajlik, \u00e9s az alkudoz\u00e1s v\u00e1rhat\u00f3. A min\u0151s\u00e9g v\u00e1ltoz\u00f3, ez\u00e9rt v\u00e1s\u00e1rl\u00e1s el\u0151tt n\u00e9zze meg. Sz\u00f3rakoztat\u00f3 \u00e9lm\u00e9ny, \u00e9s olcs\u00f3 strandruh\u00e1zatot \u00e9s szuven\u00edreket lehet v\u00e1s\u00e1rolni.<\/p>\n<p><strong>Mercadillo del Agricultor, Adeje<\/strong> - H\u00e9tv\u00e9genk\u00e9nt megrendezett termel\u0151i piac, ahol a helyi termel\u0151k gy\u00fcm\u00f6lcs\u00f6ket, z\u00f6lds\u00e9geket, sajtokat, borokat, m\u00e9zet \u00e9s mojo sz\u00f3szokat \u00e1rulnak k\u00f6zvetlen\u00fcl. Ez a legjobb hely, ahol autentikus helyi \u00e9lelmiszereket lehet v\u00e1s\u00e1rolni tisztess\u00e9ges \u00e1ron. A tr\u00f3pusi gy\u00fcm\u00f6lcs\u00f6k (mang\u00f3, papaya, avok\u00e1d\u00f3 - mind helyben termesztett) kiv\u00e1l\u00f3ak.<\/p>\n<p><strong>El M\u00e9dano piac<\/strong> - Szombat d\u00e9lel\u0151tti piac, ahol k\u00e9zm\u0171ves k\u00e9zm\u0171ves term\u00e9kek, k\u00e9zzel k\u00e9sz\u00edtett \u00e9kszerek, ruh\u00e1zati cikkek \u00e9s \u00e9lelmiszer\u00e1rusok kever\u00e9ke v\u00e1rja a v\u00e1s\u00e1rl\u00f3kat. A hangulat ink\u00e1bb boh\u00e9m, mint turista, ami megfelel El M\u00e9dano nyugodt l\u00e9gk\u00f6r\u00e9nek. J\u00f3 v\u00e1laszt\u00e1s egyedi, k\u00e9zzel k\u00e9sz\u00edtett szuven\u00edrekhez.<\/p>\n<p><strong>La Laguna piac<\/strong> - A La Laguna t\u00f6rt\u00e9nelmi utc\u00e1in k\u00fcl\u00f6nb\u00f6z\u0151 pop-up \u00e9s rendszeres piacok m\u0171k\u00f6dnek, amelyeken gyakran helyi k\u00e9zm\u0171vesek, haszn\u00e1lt \u00e1ruk \u00e9s \u00e9lelmiszertermel\u0151k mutatkoznak be. A konkr\u00e9t id\u0151pontok\u00e9rt n\u00e9zze meg a helyi list\u00e1kat.<\/p>\n<h3><span class=\"ez-toc-section\" id=\"Clothes_Shopping_in_Tenerife\"><\/span>Ruhav\u00e1s\u00e1rl\u00e1s Tenerif\u00e9n<span class=\"ez-toc-section-end\"><\/span><\/h3>\n<p><img decoding=\"async\" class=\"alignnone size-full wp-image-17023\" src=\"https:\/\/canaryvip.com\/wp-content\/uploads\/2024\/06\/zarasiammall.webp\" alt=\"Zara Siam Mall Tenerife\" width=\"1003\" height=\"664\" title=\"\" srcset=\"https:\/\/canaryvip.com\/wp-content\/uploads\/2024\/06\/zarasiammall.webp 1003w, https:\/\/canaryvip.com\/wp-content\/uploads\/2024\/06\/zarasiammall-300x199.webp 300w, https:\/\/canaryvip.com\/wp-content\/uploads\/2024\/06\/zarasiammall-18x12.webp 18w, https:\/\/canaryvip.com\/wp-content\/uploads\/2024\/06\/zarasiammall-600x397.webp 600w\" sizes=\"(max-width: 1003px) 100vw, 1003px\" \/><\/p>\n<p>Ruh\u00e1zat ter\u00e9n Tenerif\u00e9n ugyanazok a spanyol m\u00e1rk\u00e1k tal\u00e1lhat\u00f3k, mint Madridban vagy Barcelon\u00e1ban. <strong>Zara, Mango, Bershka, Pull&amp;Bear, Stradivarius, Massimo Dutti, Massimo Dutti<\/strong> - l\u00e9nyeg\u00e9ben azonos \u00e1ron (az IGIC-nek k\u00f6sz\u00f6nhet\u0151en kiss\u00e9 alacsonyabb \u00e1ron). A f\u0151 koncentr\u00e1ci\u00f3k a Siam Mallban, a Santa Cruz-i Calle del Castillo utc\u00e1ban \u00e9s a Centro Comercial Meridiano Santa Cruzban tal\u00e1lhat\u00f3ak.<\/p>\n<p><strong>Baloldaliak<\/strong> (a Zara \u00e9rt\u00e9km\u00e1rk\u00e1ja) nagy \u00fczlettel rendelkezik a Siam Mallban, \u00e9s n\u00e9pszer\u0171 a megfizethet\u0151 alapdarabok \u00e9s alkalmi ruh\u00e1k ter\u00e9n. <strong>Primark<\/strong> boltja a Calle del Castillo utc\u00e1ban tal\u00e1lhat\u00f3 Santa Cruzban.<\/p>\n<p>Ha valami egyedibbet szeretne, n\u00e9zzen sz\u00e9t a f\u00fcggetlen butikokban a <strong>La Laguna<\/strong> vagy a sz\u00f6rf\u00f6s\/strandboltok <strong>El M\u00e9dano<\/strong>. La Laguna k\u00fcl\u00f6n\u00f6sen kis diz\u00e1jnerboltokat \u00e9s vintage boltokat k\u00edn\u00e1l, amelyeket nem tal\u00e1l az \u00fcd\u00fcl\u0151helyeken.<\/p>\n<p>Ha ny\u00e1ri ruh\u00e1kat, strandruh\u00e1kat vagy szand\u00e1lokat keres, Tenerif\u00e9n remek\u00fcl fel lehet szerelni a k\u00e9szleteket - a v\u00e1laszt\u00e9k eg\u00e9sz \u00e9vben a meleg id\u0151j\u00e1r\u00e1s\u00fa ruh\u00e1k fel\u00e9 ir\u00e1nyul, amelyeket a t\u00e9li h\u00f3napokban neh\u00e9z lehet megtal\u00e1lni az \u00e9szak-eur\u00f3pai \u00fczletekben.<\/p>\n<h3><span class=\"ez-toc-section\" id=\"Practical_Shopping_Tips\"><\/span>Gyakorlati v\u00e1s\u00e1rl\u00e1si tippek<span class=\"ez-toc-section-end\"><\/span><\/h3>\n<p>N\u00e9h\u00e1ny dolog, amit \u00e9rdemes tudni, hogy okosan v\u00e1s\u00e1roljon Tenerif\u00e9n:<\/p>\n<p><strong>Hasonl\u00edtsa \u00f6ssze a parf\u00fcm\u00f6k \u00e1rait, miel\u0151tt rep\u00fclne.<\/strong> Ellen\u0151rizze a k\u00edv\u00e1nt illatok brit \u00e1rait, majd hasonl\u00edtsa \u00f6ssze a Primorban vagy a rep\u00fcl\u0151t\u00e9ri v\u00e1mmentes \u00e1ruh\u00e1zakban. A megtakar\u00edt\u00e1sok val\u00f3sak, de m\u00e1rk\u00e1nk\u00e9nt elt\u00e9r\u0151ek - egyes illatok 20-30%-tal olcs\u00f3bbak, m\u00e1sok alig k\u00fcl\u00f6nb\u00f6znek.<\/p>\n<p><strong>Elektronikai cikkeket csak hivatalos kiskeresked\u0151kn\u00e9l v\u00e1s\u00e1rolhat.<\/strong> A Worten \u00e9s a MediaMarkt uni\u00f3s garanci\u00e1val garant\u00e1lja a val\u00f3di term\u00e9keket. A turist\u00e1k \u00e1ltal l\u00e1togatott kis elektronikai boltok n\u00e9ha sz\u00fcrke\u00e1rut \u00e1rulnak megfelel\u0151 garancia n\u00e9lk\u00fcl.<\/p>\n<p><strong>A piacok elv\u00e1rj\u00e1k az alkudoz\u00e1st, az \u00fczletek nem.<\/strong> A szabadt\u00e9ri piacokon (Los Cristianos stb.) az \u00e1rr\u00f3l val\u00f3 alkudoz\u00e1s norm\u00e1lis \u00e9s elv\u00e1rt. Az \u00fczletekben \u00e9s a bev\u00e1s\u00e1rl\u00f3k\u00f6zpontokban az \u00e1rak fixek.<\/p>\n<p><strong>Tartsa meg a nyugt\u00e1kat.<\/strong> Az Egyes\u00fclt Kir\u00e1lys\u00e1gban \u00e9s az EU-n k\u00edv\u00fcl utaz\u00f3k nagyobb \u00f6sszeg\u0171 v\u00e1s\u00e1rl\u00e1saik ut\u00e1n ad\u00f3mentes v\u00e1s\u00e1rl\u00e1si programokon kereszt\u00fcl visszaig\u00e9nyelhetik az IGIC-t. Keresse a \u201cTax Free\u201d feliratot a r\u00e9szt vev\u0151 \u00fczletekben, \u00e9s \u00e9rdekl\u0151dj\u00f6n a p\u00e9nzt\u00e1rn\u00e1l.<\/p>\n<p><strong>Vas\u00e1rnapi nyitva tart\u00e1s v\u00e1ltoz\u00f3.<\/strong> A Siam Mall \u00e9s a legt\u00f6bb turisztikai ter\u00fcleten tal\u00e1lhat\u00f3 \u00fczlet a h\u00e9t minden napj\u00e1n nyitva van. Santa Cruzban \u00e9s La Lagun\u00e1ban az \u00fczletek vas\u00e1rnap z\u00e1rva tarthatnak, \u00e9s n\u00e9h\u00e1ny helyi \u00fczlet m\u00e9g mindig bez\u00e1r eb\u00e9did\u0151ben (nagyj\u00e1b\u00f3l 14-17 \u00f3r\u00e1ig).<\/p>\n<p><strong>HiperDino a bar\u00e1tod.<\/strong> Ez a f\u0151 kan\u00e1ri szupermarketl\u00e1nc, \u00e9s messze a legjobb hely, ahol helyi \u00e1ron lehet bort, mojo sz\u00f3szt, helyi sajtot \u00e9s egy\u00e9b \u00e9lelmiszer-szuven\u00edreket v\u00e1s\u00e1rolni. Mindenhol vannak fi\u00f3kjai, t\u00f6bbek k\u00f6z\u00f6tt a Siam Mallban is.<\/p>\n<h2><span class=\"ez-toc-section\" id=\"Explore_Tenerife_with_CanaryVIP\"><\/span>Fedezze fel Tenerif\u00e9t az CanaryVIP-vel<span class=\"ez-toc-section-end\"><\/span><\/h2>\n<p>Sz\u00fcks\u00e9ge van egy kis sz\u00fcnetre a v\u00e1s\u00e1rl\u00e1sban? A  weboldalon <a href=\"https:\/\/canaryvip.com\/hu\/\"><strong>CanaryVIP<\/strong><\/a> a legjobbat k\u00edn\u00e1ljuk <a href=\"https:\/\/canaryvip.com\/hu\/tenerife\/\">kir\u00e1ndul\u00e1sok \u00e9s tev\u00e9kenys\u00e9gek Tenerif\u00e9n<\/a> - a <a href=\"https:\/\/canaryvip.com\/hu\/tenerife\/boat-excursions\/\">b\u00e1lnafigyel\u0151 haj\u00f3kir\u00e1ndul\u00e1sok<\/a> \u00e9s <a href=\"https:\/\/canaryvip.com\/hu\/shop\/jetski-tenerife\/\">jet ski t\u00far\u00e1k<\/a> a  c\u00edmre. <a href=\"https:\/\/canaryvip.com\/hu\/tenerife\/theme-parks\/siam-park-tickets\/\">Siam Park jegyek<\/a> \u00e9s <a href=\"https:\/\/canaryvip.com\/hu\/tenerife\/guided-tours\/\">vezetett szigeti t\u00far\u00e1k<\/a>. Minden foglal\u00e1s a mi <strong>Legjobb \u00e1r garancia<\/strong> \u00e9s a legt\u00f6bb tev\u00e9kenys\u00e9g mag\u00e1ban foglalja a sz\u00e1llod\u00e1b\u00f3l val\u00f3 elsz\u00e1ll\u00edt\u00e1st.<\/p>\n<p><strong><a href=\"https:\/\/canaryvip.com\/hu\/tenerife\/\">B\u00f6ng\u00e9sszen az \u00f6sszes tenerifei kir\u00e1ndul\u00e1s \u00e9s tev\u00e9kenys\u00e9g k\u00f6z\u00f6tt \u2192<\/a><\/strong><\/p>","protected":false},"excerpt":{"rendered":"<p>Shopping in Tenerife: Where to Go, What to Buy, and How to Save Tenerife isn&#8217;t just beaches and volcanoes \u2014 it&#8217;s also one of the best places in Europe for affordable shopping. Thanks to the Canary Islands&#8217; special tax status, prices on perfume, electronics, alcohol, and tobacco are noticeably lower than on mainland Spain or&#8230;<\/p>","protected":false},"author":4,"featured_media":17022,"comment_status":"open","ping_status":"closed","sticky":false,"template":"","format":"standard","meta":{"_acf_changed":false,"footnotes":""},"categories":[76],"tags":[87],"class_list":["post-10645","post","type-post","status-publish","format-standard","has-post-thumbnail","hentry","category-travel-tips-and-practical-information","tag-tenerife"],"acf":[],"_links":{"self":[{"href":"https:\/\/canaryvip.com\/hu\/wp-json\/wp\/v2\/posts\/10645","targetHints":{"allow":["GET"]}}],"collection":[{"href":"https:\/\/canaryvip.com\/hu\/wp-json\/wp\/v2\/posts"}],"about":[{"href":"https:\/\/canaryvip.com\/hu\/wp-json\/wp\/v2\/types\/post"}],"author":[{"embeddable":true,"href":"https:\/\/canaryvip.com\/hu\/wp-json\/wp\/v2\/users\/4"}],"replies":[{"embeddable":true,"href":"https:\/\/canaryvip.com\/hu\/wp-json\/wp\/v2\/comments?post=10645"}],"version-history":[{"count":10,"href":"https:\/\/canaryvip.com\/hu\/wp-json\/wp\/v2\/posts\/10645\/revisions"}],"predecessor-version":[{"id":17024,"href":"https:\/\/canaryvip.com\/hu\/wp-json\/wp\/v2\/posts\/10645\/revisions\/17024"}],"wp:featuredmedia":[{"embeddable":true,"href":"https:\/\/canaryvip.com\/hu\/wp-json\/wp\/v2\/media\/17022"}],"wp:attachment":[{"href":"https:\/\/canaryvip.com\/hu\/wp-json\/wp\/v2\/media?parent=10645"}],"wp:term":[{"taxonomy":"category","embeddable":true,"href":"https:\/\/canaryvip.com\/hu\/wp-json\/wp\/v2\/categories?post=10645"},{"taxonomy":"post_tag","embeddable":true,"href":"https:\/\/canaryvip.com\/hu\/wp-json\/wp\/v2\/tags?post=10645"}],"curies":[{"name":"wp","href":"https:\/\/api.w.org\/{rel}","templated":true}]}}