{"id":10686,"date":"2024-04-22T04:02:19","date_gmt":"2024-04-22T03:02:19","guid":{"rendered":"https:\/\/canaryvip.com\/?p=10686"},"modified":"2026-04-11T23:57:07","modified_gmt":"2026-04-11T22:57:07","slug":"tenerifes-microclimates-packing-for-every-season","status":"publish","type":"post","link":"https:\/\/canaryvip.com\/fi\/tenerifes-microclimates-packing-for-every-season\/","title":{"rendered":"Teneriffan mikroilmasto ja mit\u00e4 pakata: opas kuukausittain (p\u00e4ivitetty 2026)"},"content":{"rendered":"<p><img decoding=\"async\" class=\"alignnone wp-image-9571\" src=\"https:\/\/canaryvip.com\/wp-content\/uploads\/2024\/02\/tenerife-943595_1920-300x210.jpg\" alt=\"Teneriffan mikroilmasto pakkaamisen opas s\u00e4\u00e4\" width=\"800\" height=\"560\" title=\"\" srcset=\"https:\/\/canaryvip.com\/wp-content\/uploads\/2024\/02\/tenerife-943595_1920-300x210.jpg 300w, https:\/\/canaryvip.com\/wp-content\/uploads\/2024\/02\/tenerife-943595_1920-1024x717.jpg 1024w, https:\/\/canaryvip.com\/wp-content\/uploads\/2024\/02\/tenerife-943595_1920-18x12.jpg 18w, https:\/\/canaryvip.com\/wp-content\/uploads\/2024\/02\/tenerife-943595_1920-1536x1075.jpg 1536w, https:\/\/canaryvip.com\/wp-content\/uploads\/2024\/02\/tenerife-943595_1920-600x420.jpg 600w, https:\/\/canaryvip.com\/wp-content\/uploads\/2024\/02\/tenerife-943595_1920.jpg 1543w\" sizes=\"(max-width: 800px) 100vw, 800px\" \/><\/p>\n<div id=\"ez-toc-container\" class=\"ez-toc-v2_0_82_2 counter-hierarchy ez-toc-counter ez-toc-custom ez-toc-container-direction\">\n<div class=\"ez-toc-title-container\">\n<p class=\"ez-toc-title\" style=\"cursor:inherit\">Sis\u00e4llysluettelo<\/p>\n<span class=\"ez-toc-title-toggle\"><a href=\"#\" class=\"ez-toc-pull-right ez-toc-btn ez-toc-btn-xs ez-toc-btn-default ez-toc-toggle\" aria-label=\"Sis\u00e4llysluettelon vaihtaminen\"><span class=\"ez-toc-js-icon-con\"><span class=\"\"><span class=\"eztoc-hide\" style=\"display:none;\">Toggle<\/span><span class=\"ez-toc-icon-toggle-span\"><svg style=\"fill: #0a0000;color:#0a0000\" xmlns=\"http:\/\/www.w3.org\/2000\/svg\" class=\"list-377408\" width=\"20px\" height=\"20px\" viewbox=\"0 0 24 24\" fill=\"none\"><path d=\"M6 6H4v2h2V6zm14 0H8v2h12V6zM4 11h2v2H4v-2zm16 0H8v2h12v-2zM4 16h2v2H4v-2zm16 0H8v2h12v-2z\" fill=\"currentColor\"><\/path><\/svg><svg style=\"fill: #0a0000;color:#0a0000\" class=\"arrow-unsorted-368013\" xmlns=\"http:\/\/www.w3.org\/2000\/svg\" width=\"10px\" height=\"10px\" viewbox=\"0 0 24 24\" version=\"1.2\" baseprofile=\"tiny\"><path d=\"M18.2 9.3l-6.2-6.3-6.2 6.3c-.2.2-.3.4-.3.7s.1.5.3.7c.2.2.4.3.7.3h11c.3 0 .5-.1.7-.3.2-.2.3-.5.3-.7s-.1-.5-.3-.7zM5.8 14.7l6.2 6.3 6.2-6.3c.2-.2.3-.5.3-.7s-.1-.5-.3-.7c-.2-.2-.4-.3-.7-.3h-11c-.3 0-.5.1-.7.3-.2.2-.3.5-.3.7s.1.5.3.7z\"\/><\/svg><\/span><\/span><\/span><\/a><\/span><\/div>\n<nav><ul class='ez-toc-list ez-toc-list-level-1' ><li class='ez-toc-page-1 ez-toc-heading-level-2'><a class=\"ez-toc-link ez-toc-heading-1\" href=\"https:\/\/canaryvip.com\/fi\/tenerifes-microclimates-packing-for-every-season\/#Tenerife_microclimates_and_what_to_pack_a_month-by-month_guide\" >Teneriffan mikroilmasto ja mit\u00e4 pakata mukaan: kuukausittainen opas<\/a><ul class='ez-toc-list-level-3' ><li class='ez-toc-heading-level-3'><a class=\"ez-toc-link ez-toc-heading-2\" href=\"https:\/\/canaryvip.com\/fi\/tenerifes-microclimates-packing-for-every-season\/#Why_Tenerife_has_microclimates\" >Miksi Teneriffalla on mikroilmasto<\/a><\/li><li class='ez-toc-page-1 ez-toc-heading-level-3'><a class=\"ez-toc-link ez-toc-heading-3\" href=\"https:\/\/canaryvip.com\/fi\/tenerifes-microclimates-packing-for-every-season\/#Tenerife_temperatures_by_month_south_and_north\" >Teneriffan l\u00e4mp\u00f6tilat kuukausittain (etel\u00e4ss\u00e4 ja pohjoisessa)<\/a><\/li><li class='ez-toc-page-1 ez-toc-heading-level-3'><a class=\"ez-toc-link ez-toc-heading-4\" href=\"https:\/\/canaryvip.com\/fi\/tenerifes-microclimates-packing-for-every-season\/#What_to_pack_for_Tenerife_the_always-bring_list\" >Mit\u00e4 pakata Teneriffalle: aina mukana oleva lista<\/a><\/li><li class='ez-toc-page-1 ez-toc-heading-level-3'><a class=\"ez-toc-link ez-toc-heading-5\" href=\"https:\/\/canaryvip.com\/fi\/tenerifes-microclimates-packing-for-every-season\/#What_to_pack_for_Tenerife_by_month\" >Mit\u00e4 pakata Teneriffalle kuukausittain<\/a><ul class='ez-toc-list-level-4' ><li class='ez-toc-heading-level-4'><a class=\"ez-toc-link ez-toc-heading-6\" href=\"https:\/\/canaryvip.com\/fi\/tenerifes-microclimates-packing-for-every-season\/#What_to_wear_in_Tenerife_in_January_and_February\" >Mit\u00e4 pukeutua Teneriffalla tammi- ja helmikuussa?<\/a><\/li><li class='ez-toc-page-1 ez-toc-heading-level-4'><a class=\"ez-toc-link ez-toc-heading-7\" href=\"https:\/\/canaryvip.com\/fi\/tenerifes-microclimates-packing-for-every-season\/#What_to_wear_in_Tenerife_in_March\" >Mit\u00e4 pukeutua Teneriffalla maaliskuussa<\/a><\/li><li class='ez-toc-page-1 ez-toc-heading-level-4'><a class=\"ez-toc-link ez-toc-heading-8\" href=\"https:\/\/canaryvip.com\/fi\/tenerifes-microclimates-packing-for-every-season\/#What_to_wear_in_Tenerife_in_April\" >Mit\u00e4 pukeutua Teneriffalla huhtikuussa<\/a><\/li><li class='ez-toc-page-1 ez-toc-heading-level-4'><a class=\"ez-toc-link ez-toc-heading-9\" href=\"https:\/\/canaryvip.com\/fi\/tenerifes-microclimates-packing-for-every-season\/#What_to_wear_in_Tenerife_in_May\" >Mit\u00e4 pukeutua Teneriffalla toukokuussa<\/a><\/li><li class='ez-toc-page-1 ez-toc-heading-level-4'><a class=\"ez-toc-link ez-toc-heading-10\" href=\"https:\/\/canaryvip.com\/fi\/tenerifes-microclimates-packing-for-every-season\/#What_to_wear_in_Tenerife_in_June_July_August\" >Mit\u00e4 pukeutua Teneriffalla kes\u00e4kuussa, hein\u00e4kuussa, elokuussa?<\/a><\/li><li class='ez-toc-page-1 ez-toc-heading-level-4'><a class=\"ez-toc-link ez-toc-heading-11\" href=\"https:\/\/canaryvip.com\/fi\/tenerifes-microclimates-packing-for-every-season\/#What_to_wear_in_Tenerife_in_September_and_October\" >Mit\u00e4 pukeutua Teneriffalla syyskuussa ja lokakuussa?<\/a><\/li><li class='ez-toc-page-1 ez-toc-heading-level-4'><a class=\"ez-toc-link ez-toc-heading-12\" href=\"https:\/\/canaryvip.com\/fi\/tenerifes-microclimates-packing-for-every-season\/#What_to_wear_in_Tenerife_in_November\" >Mit\u00e4 pukeutua Teneriffalla marraskuussa<\/a><\/li><li class='ez-toc-page-1 ez-toc-heading-level-4'><a class=\"ez-toc-link ez-toc-heading-13\" href=\"https:\/\/canaryvip.com\/fi\/tenerifes-microclimates-packing-for-every-season\/#What_to_wear_in_Tenerife_in_December\" >Mit\u00e4 pukeutua Teneriffalla joulukuussa<\/a><\/li><\/ul><\/li><li class='ez-toc-page-1 ez-toc-heading-level-3'><a class=\"ez-toc-link ez-toc-heading-14\" href=\"https:\/\/canaryvip.com\/fi\/tenerifes-microclimates-packing-for-every-season\/#Packing_for_Teide_dont_underestimate_the_mountain\" >Pakkaaminen Teidelle: \u00e4l\u00e4 aliarvioi vuorta<\/a><\/li><li class='ez-toc-page-1 ez-toc-heading-level-3'><a class=\"ez-toc-link ez-toc-heading-15\" href=\"https:\/\/canaryvip.com\/fi\/tenerifes-microclimates-packing-for-every-season\/#Can_you_swim_in_Tenerife_year-round\" >Voiko Teneriffalla uida ymp\u00e4ri vuoden?<\/a><\/li><li class='ez-toc-page-1 ez-toc-heading-level-3'><a class=\"ez-toc-link ez-toc-heading-16\" href=\"https:\/\/canaryvip.com\/fi\/tenerifes-microclimates-packing-for-every-season\/#North_vs_south_how_packing_differs\" >Pohjoinen vs. etel\u00e4: miten pakkaaminen eroaa<\/a><\/li><li class='ez-toc-page-1 ez-toc-heading-level-3'><a class=\"ez-toc-link ez-toc-heading-17\" href=\"https:\/\/canaryvip.com\/fi\/tenerifes-microclimates-packing-for-every-season\/#Tenerife_packing_FAQ\" >Teneriffan pakkaaminen FAQ<\/a><\/li><\/ul><\/li><li class='ez-toc-page-1 ez-toc-heading-level-2'><a class=\"ez-toc-link ez-toc-heading-18\" href=\"https:\/\/canaryvip.com\/fi\/tenerifes-microclimates-packing-for-every-season\/#Planning_your_Tenerife_trip\" >Teneriffan matkan suunnittelu<\/a><\/li><\/ul><\/nav><\/div>\n<h2><span class=\"ez-toc-section\" id=\"Tenerife_microclimates_and_what_to_pack_a_month-by-month_guide\"><\/span>Teneriffan mikroilmasto ja mit\u00e4 pakata mukaan: kuukausittainen opas<span class=\"ez-toc-section-end\"><\/span><\/h2>\n<p>Teneriffa on pieni saari, jolla on viisi erilaista ilmastovy\u00f6hykett\u00e4. Voit l\u00e4hte\u00e4 Costa Adejen rannalta 24 \u00b0C:n auringonpaisteessa ja saapua Teide-vuoren huipulle tuntia my\u00f6hemmin l\u00e4hes pakkasessa, ja maassa on lunta. Samana p\u00e4iv\u00e4n\u00e4. T\u00e4t\u00e4 Teneriffan mikroilmastolla tarkoitetaan, ja se on ainoa asia, joka tekee Teneriffalle pakkaamisesta erilaista kuin mihin tahansa muuhun espanjalaiseen tai V\u00e4limeren kohteeseen pakkaaminen.<\/p>\n<p>T\u00e4ss\u00e4 oppaassa kerrotaan, mit\u00e4 Teneriffalle kannattaa pakata kuukausittain, millaisia l\u00e4mp\u00f6tiloja etel\u00e4ss\u00e4 ja pohjoisessa on ja mit\u00e4 asioita useimmat matkailijat unohtavat.<\/p>\n<h3><span class=\"ez-toc-section\" id=\"Why_Tenerife_has_microclimates\"><\/span>Miksi Teneriffalla on mikroilmasto<span class=\"ez-toc-section-end\"><\/span><\/h3>\n<p><img decoding=\"async\" class=\"alignnone wp-image-10665\" src=\"https:\/\/canaryvip.com\/wp-content\/uploads\/2024\/03\/21656249-300x225.jpg\" alt=\"Teneriffan mikroilmasto pohjoinen etel\u00e4inen Teide\" width=\"800\" height=\"600\" title=\"\" srcset=\"https:\/\/canaryvip.com\/wp-content\/uploads\/2024\/03\/21656249-300x225.jpg 300w, https:\/\/canaryvip.com\/wp-content\/uploads\/2024\/03\/21656249-1024x768.jpg 1024w, https:\/\/canaryvip.com\/wp-content\/uploads\/2024\/03\/21656249-16x12.jpg 16w, https:\/\/canaryvip.com\/wp-content\/uploads\/2024\/03\/21656249.jpg 1440w, https:\/\/canaryvip.com\/wp-content\/uploads\/2024\/03\/21656249-600x450.jpg 600w\" sizes=\"(max-width: 800px) 100vw, 800px\" \/><\/p>\n<p>Teneriffa sijaitsee Atlantin valtamerell\u00e4 Saharan leveysasteella, mutta ilmasto on paljon leudompi kuin se antaa ymm\u00e4rt\u00e4\u00e4. Mikroilmastoa luovat kolme asiaa:<\/p>\n<p><strong>Teide-vuori.<\/strong> Espanjan korkein huippu on 3 718 metri\u00e4 korkea ja muodostaa muurin saaren keskelle. Koilliset pasaatituulet iskev\u00e4t pohjoiseen, nousevat yl\u00f6sp\u00e4in ja pudottavat kosteutensa pilvin\u00e4 ja satunnaisina sateina pohjoisrannikolle. Etel\u00e4rannikko, joka on Teiden sateen varjossa, pysyy kuivana ja aurinkoisena.<\/p>\n<p><strong>Kanarianvirta.<\/strong> Saarten ohi virtaava viile\u00e4 Atlantin virta pit\u00e4\u00e4 rannikon l\u00e4mp\u00f6tilat kohtuullisina my\u00f6s kes\u00e4ll\u00e4. Se pit\u00e4\u00e4 my\u00f6s meren viile\u00e4mp\u00e4n\u00e4 kuin leveyspiirin perusteella voisi olettaa.<\/p>\n<p><strong>Korkeus.<\/strong> Saari nousee merenpinnasta 3 718 metrin korkeuteen noin 25 kilometrin matkalla. L\u00e4mp\u00f6tila laskee noin 6 \u00b0C jokaista 1 000 korkeusmetri\u00e4 kohden. Jos siis rannikolla on 22 \u00b0C, Teiden huipulla l\u00e4mp\u00f6tila on noin 0 \u00b0C.<\/p>\n<p>Tulos: Teneriffan etel\u00e4osa (Costa Adeje, Playa de las Americas, Los Cristianos, El Medano) on jatkuvasti 2-5 \u00b0C l\u00e4mpim\u00e4mpi ja huomattavasti kuivempi kuin Teneriffan pohjoisosa (Puerto de la Cruz, La Orotava, La Laguna). Ja Teide on oma maailmansa.<\/p>\n<h3><span class=\"ez-toc-section\" id=\"Tenerife_temperatures_by_month_south_and_north\"><\/span>Teneriffan l\u00e4mp\u00f6tilat kuukausittain (etel\u00e4ss\u00e4 ja pohjoisessa)<span class=\"ez-toc-section-end\"><\/span><\/h3>\n<p><img decoding=\"async\" class=\"alignnone wp-image-10663\" src=\"https:\/\/canaryvip.com\/wp-content\/uploads\/2024\/03\/2569-300x169.jpg\" alt=\"Teneriffan l\u00e4mp\u00f6tilat kuukausittain kaavio\" width=\"800\" height=\"450\" title=\"\" srcset=\"https:\/\/canaryvip.com\/wp-content\/uploads\/2024\/03\/2569-300x169.jpg 300w, https:\/\/canaryvip.com\/wp-content\/uploads\/2024\/03\/2569-1024x576.jpg 1024w, https:\/\/canaryvip.com\/wp-content\/uploads\/2024\/03\/2569-18x10.jpg 18w, https:\/\/canaryvip.com\/wp-content\/uploads\/2024\/03\/2569-1536x864.jpg 1536w, https:\/\/canaryvip.com\/wp-content\/uploads\/2024\/03\/2569-600x338.jpg 600w, https:\/\/canaryvip.com\/wp-content\/uploads\/2024\/03\/2569.jpg 1920w\" sizes=\"(max-width: 800px) 100vw, 800px\" \/><\/p>\n<p>Keskim\u00e4\u00e4r\u00e4iset p\u00e4iv\u00e4l\u00e4mp\u00f6tilat (korkeat) etel\u00e4ss\u00e4 ja pohjoisessa. Meril\u00e4mp\u00f6tilat ovat koko saaren keskiarvo.<\/p>\n<p><strong>Tammikuu:<\/strong> Etel\u00e4ss\u00e4 21\u00b0C, pohjoisessa 19\u00b0C. Meri 19\u00b0C. Viilein kuukausi.<br \/>\n<strong>Helmikuu:<\/strong> Etel\u00e4ss\u00e4 21\u00b0C, pohjoisessa 19\u00b0C. Meri 19\u00b0C.<br \/>\n<strong>Maaliskuu:<\/strong> Etel\u00e4ss\u00e4 22\u00b0C, pohjoisessa 20\u00b0C. Meri 19\u00b0C.<br \/>\n<strong>Huhtikuu:<\/strong> Etel\u00e4ss\u00e4 23\u00b0C, pohjoisessa 21\u00b0C. Meri 19-20\u00b0C.<br \/>\n<strong>Toukokuu:<\/strong> Etel\u00e4ss\u00e4 24\u00b0C, pohjoisessa 22\u00b0C. Meri 20\u00b0C.<br \/>\n<strong>Kes\u00e4kuu:<\/strong> Etel\u00e4ss\u00e4 26\u00b0C, pohjoisessa 23\u00b0C. Meri 21\u00b0C.<br \/>\n<strong>Hein\u00e4kuussa:<\/strong> Etel\u00e4ss\u00e4 28\u00b0C, pohjoisessa 26\u00b0C. Meri 22\u00b0C.<br \/>\n<strong>Elokuu:<\/strong> Etel\u00e4ss\u00e4 29\u00b0C, pohjoisessa 27\u00b0C. Meri 23\u00b0C. Kuumin kuukausi.<br \/>\n<strong>Syyskuussa:<\/strong> Etel\u00e4ss\u00e4 28\u00b0C, pohjoisessa 26\u00b0C. Meri 23-24\u00b0C. L\u00e4mpimin meri.<br \/>\n<strong>Lokakuu:<\/strong> Etel\u00e4ss\u00e4 26\u00b0C, pohjoisessa 24\u00b0C. Meri 23\u00b0C.<br \/>\n<strong>Marraskuu:<\/strong> Etel\u00e4ss\u00e4 24\u00b0C, pohjoisessa 22\u00b0C. Meri 21\u00b0C.<br \/>\n<strong>Joulukuu:<\/strong> Etel\u00e4ss\u00e4 22\u00b0C, pohjoisessa 20\u00b0C. Meri 20\u00b0C.<\/p>\n<p>Y\u00f6l\u00e4mp\u00f6tilat ovat tyypillisesti 5-8 \u00b0C alhaisemmat. Saaren kylmin paikka ei kuitenkaan ole pohjoisrannikko, vaan Teiden alue, jossa talviy\u00f6t voivat laskea pakkasen alapuolelle.<\/p>\n<h3><span class=\"ez-toc-section\" id=\"What_to_pack_for_Tenerife_the_always-bring_list\"><\/span>Mit\u00e4 pakata Teneriffalle: aina mukana oleva lista<span class=\"ez-toc-section-end\"><\/span><\/h3>\n<p>Riippumatta siit\u00e4, milloin vierailet, n\u00e4m\u00e4 kuuluvat matkalaukkuun:<\/p>\n<p><strong>Aurinkovoide (v\u00e4hint\u00e4\u00e4n SPF 30, mieluiten 50).<\/strong> Teneriffa on Saharan leveysasteella. UV-s\u00e4teily on voimakasta ymp\u00e4ri vuoden, jopa pilvisin\u00e4 p\u00e4ivin\u00e4. Auringonpolttama on yleisin lomaongelma t\u00e4\u00e4ll\u00e4. Osta etuk\u00e4teen, sill\u00e4 aurinkorasva on saarella kallista.<\/p>\n<p><strong>Aurinkolasit.<\/strong> Samasta syyst\u00e4.<\/p>\n<p><strong>Hattu.<\/strong> Samasta syyst\u00e4.<\/p>\n<p><strong>Mukavat k\u00e4velykeng\u00e4t tai lenkkarit.<\/strong> Vaikka suunnittelisitkin vain rantap\u00e4ivi\u00e4, joudut k\u00e4velem\u00e4\u00e4n mukulakivill\u00e4, laavakivill\u00e4 tai ep\u00e4tasaisilla kaduilla. Sandaali ei riit\u00e4.<\/p>\n<p><strong>Kevyt takki tai fleece.<\/strong> Jopa elokuussa illat rannikolla voivat tuntua viileilt\u00e4, varsinkin kun tuulee. Talvella pohjoisessa ja Teidell\u00e4 sit\u00e4 tarvitaan p\u00e4ivisin.<\/p>\n<p><strong>Uimapuvut.<\/strong> Ymp\u00e4ri vuoden. Meress\u00e4 voi uida joka kuukausi, jos et ole liian nirso kylmyyden suhteen.<\/p>\n<p><strong>P\u00e4iv\u00e4reppu.<\/strong> Veden, aurinkovoiteen, kerrosten ja v\u00e4lipalojen kuljettamiseen p\u00e4iv\u00e4retkill\u00e4.<\/p>\n<p><strong>Uudelleenk\u00e4ytett\u00e4v\u00e4 vesipullo.<\/strong> Teneriffan vesijohtovesi on teknisesti turvallista, mutta maistuu monilla alueilla pahalta. Useimmat paikalliset juovat pullotettua. Uudelleent\u00e4ytett\u00e4v\u00e4 pullo s\u00e4\u00e4st\u00e4\u00e4 muovia, jos l\u00f6yd\u00e4t t\u00e4ytt\u00f6pisteen.<\/p>\n<p><strong>Verkkolaite (tyyppi C\/F, EU-pistoke).<\/strong> Normaali eurooppalainen, sama kuin Manner-Espanjassa.<\/p>\n<p><strong>Matkavakuutus.<\/strong> Varsinkin jos olet vaeltamassa tai harrastamassa vesiurheilua.<\/p>\n<h3><span class=\"ez-toc-section\" id=\"What_to_pack_for_Tenerife_by_month\"><\/span>Mit\u00e4 pakata Teneriffalle kuukausittain<span class=\"ez-toc-section-end\"><\/span><\/h3>\n<h4><strong><img decoding=\"async\" class=\"alignnone wp-image-17130\" src=\"https:\/\/canaryvip.com\/wp-content\/uploads\/2024\/04\/tenerifepacking.webp\" alt=\"Teneriffan mikroilmasto ja mit\u00e4 pakata mukaan: opas kuukausittain\" width=\"800\" height=\"447\" title=\"\" srcset=\"https:\/\/canaryvip.com\/wp-content\/uploads\/2024\/04\/tenerifepacking.webp 1376w, https:\/\/canaryvip.com\/wp-content\/uploads\/2024\/04\/tenerifepacking-300x167.webp 300w, https:\/\/canaryvip.com\/wp-content\/uploads\/2024\/04\/tenerifepacking-1024x572.webp 1024w, https:\/\/canaryvip.com\/wp-content\/uploads\/2024\/04\/tenerifepacking-18x10.webp 18w, https:\/\/canaryvip.com\/wp-content\/uploads\/2024\/04\/tenerifepacking-600x335.webp 600w\" sizes=\"(max-width: 800px) 100vw, 800px\" \/><\/strong><\/h4>\n<h4><span class=\"ez-toc-section\" id=\"What_to_wear_in_Tenerife_in_January_and_February\"><\/span><strong>Mit\u00e4 pukeutua Teneriffalla tammi- ja helmikuussa?<\/strong><span class=\"ez-toc-section-end\"><\/span><\/h4>\n<p>Viileimm\u00e4t kuukaudet. P\u00e4iv\u00e4n korkeimmat l\u00e4mp\u00f6tilat ovat noin 21 \u00b0C etel\u00e4ss\u00e4 ja 19 \u00b0C pohjoisessa. Y\u00f6t laskevat 12-15 \u00b0C:een rannikolla ja alle 5 \u00b0C:een korkealla. Pakkaa mukaan:<\/p>\n<p>- Kevyet kerrokset: t-paidat, pitk\u00e4hihaiset paidat, kevyet villapaidat.<br \/>\n- Kunnon takki (ei pelkk\u00e4 tuulitakki) iltaa ja pohjoista varten.<br \/>\n- Pitk\u00e4t housut ja farkut<br \/>\n- Shortsit (l\u00e4mpim\u00e4t p\u00e4iv\u00e4t ovat tulossa).<br \/>\n- Suljetut keng\u00e4t tai lenkkarit<br \/>\n- Yksi uimapukusetti (meren l\u00e4mp\u00f6tila on 19 \u00b0C, reipas mutta ihan kelvollinen).<br \/>\n- Sateenvarjo tai kevyt sadetakki, jos olet matkalla pohjoiseen.<br \/>\n- L\u00e4mpimi\u00e4 kerroksia, jos olet menossa Teidelle (siell\u00e4 voi sataa lunta).<\/p>\n<p>T\u00e4m\u00e4 on pohjoiseurooppalaisille talviauringon aluetta, mutta se ei ole kes\u00e4. \u00c4l\u00e4 pakkaa kuin olisit menossa Kreikkaan elokuussa.<\/p>\n<h4><span class=\"ez-toc-section\" id=\"What_to_wear_in_Tenerife_in_March\"><\/span><strong>Mit\u00e4 pukeutua Teneriffalla maaliskuussa<\/strong><span class=\"ez-toc-section-end\"><\/span><\/h4>\n<p>Hieman l\u00e4mpim\u00e4mpi. P\u00e4iv\u00e4n korkeimmat l\u00e4mp\u00f6tilat ovat etel\u00e4ss\u00e4 noin 22-23 \u00b0C, pohjoisessa 20-21 \u00b0C. Rinteille alkaa ilmesty\u00e4 luonnonkukkia. Sama pakkaus kuin tammi- ja helmikuussa, mutta enemm\u00e4n shortseja ja t-paitoja.<\/p>\n<h4><span class=\"ez-toc-section\" id=\"What_to_wear_in_Tenerife_in_April\"><\/span><strong>Mit\u00e4 pukeutua Teneriffalla huhtikuussa<\/strong><span class=\"ez-toc-section-end\"><\/span><\/h4>\n<p>Kev\u00e4t on t\u00e4ydess\u00e4 vauhdissa. Etel\u00e4rannikolla on p\u00e4ivisin 23-25 \u00b0C, ja meri on noin 19-20 \u00b0C (edelleen viile\u00e4\u00e4, mutta yh\u00e4 useammat uimarit kokeilevat sit\u00e4). Pakkaa:<\/p>\n<p>- T-paidat ja shortsit p\u00e4iv\u00e4ll\u00e4<br \/>\n- Kevyet pitk\u00e4hihaiset kerrokset iltaisin<br \/>\n- Yksi kevyt takki tai huppari<br \/>\n- Keng\u00e4t tai sandaalit<br \/>\n- Uimapuvut<br \/>\n- Aurinkovoide, hattu, aurinkolasit<br \/>\n- Kevyt sadetakki, jos vierailet pohjoisessa<\/p>\n<p>Huhtikuu on yksi tasapainoisimmista kuukausista pakkaamisen kannalta: tarpeeksi l\u00e4mmin rantavarusteille, tarpeeksi viile\u00e4, jotta tarvitset silti kerrospakkauksia.<\/p>\n<h4><span class=\"ez-toc-section\" id=\"What_to_wear_in_Tenerife_in_May\"><\/span><strong>Mit\u00e4 pukeutua Teneriffalla toukokuussa<\/strong><span class=\"ez-toc-section-end\"><\/span><\/h4>\n<p>L\u00e4mmin ja rauhallinen. L\u00e4mp\u00f6tila on etel\u00e4ss\u00e4 korkeimmillaan 24 \u00b0C ja pohjoisessa 22-23 \u00b0C. Meri l\u00e4mpenee 20 \u00b0C:een. Pakkaa mukaan l\u00e4hinn\u00e4 kes\u00e4vaatteita ja yksi kevyt kerros iltaa varten. Sateet ovat harvinaisia. Yksi parhaista kuukausista l\u00e4hes kaikenlaisille matkoille.<\/p>\n<h4><span class=\"ez-toc-section\" id=\"What_to_wear_in_Tenerife_in_June_July_August\"><\/span><strong>Mit\u00e4 pukeutua Teneriffalla kes\u00e4kuussa, hein\u00e4kuussa, elokuussa?<\/strong><span class=\"ez-toc-section-end\"><\/span><\/h4>\n<p><img decoding=\"async\" class=\"alignnone wp-image-10741\" src=\"https:\/\/canaryvip.com\/wp-content\/uploads\/2024\/03\/22879-300x200.jpg\" alt=\"Teneriffan kes\u00e4pakkaus ranta\" width=\"800\" height=\"534\" title=\"\" srcset=\"https:\/\/canaryvip.com\/wp-content\/uploads\/2024\/03\/22879-300x200.jpg 300w, https:\/\/canaryvip.com\/wp-content\/uploads\/2024\/03\/22879-1024x683.jpg 1024w, https:\/\/canaryvip.com\/wp-content\/uploads\/2024\/03\/22879-18x12.jpg 18w, https:\/\/canaryvip.com\/wp-content\/uploads\/2024\/03\/22879-1536x1025.jpg 1536w, https:\/\/canaryvip.com\/wp-content\/uploads\/2024\/03\/22879-600x400.jpg 600w, https:\/\/canaryvip.com\/wp-content\/uploads\/2024\/03\/22879.jpg 1619w\" sizes=\"(max-width: 800px) 100vw, 800px\" \/><\/p>\n<p>Kes\u00e4. Korkeimmat l\u00e4mp\u00f6tilat ovat 26-29 \u00b0C etel\u00e4ss\u00e4 ja 23-27 \u00b0C pohjoisessa. Meri 21-23 \u00b0C. Pakkaus:<\/p>\n<p>- Kevyet, hengitt\u00e4v\u00e4t kes\u00e4vaatteet (puuvilla, pellava).<br \/>\n- Uimapuvut (useita sarjoja, jos olet p\u00e4ivitt\u00e4in vedess\u00e4).<br \/>\n- Shortsit, mekot, t-paidat<br \/>\n- Yksi kevyt kerros sis\u00e4tilojen ilmastointia ja iltatuulta varten.<br \/>\n- Sandaalit, varvassandaalit ja lenkkarit retki\u00e4 varten.<br \/>\n- Vahva aurinkovoide (SPF 50)<br \/>\n- Hattu, aurinkolasit, rantalaukku<br \/>\n- Riuttakest\u00e4v\u00e4 aurinkovoide, jos olet snorklaamassa.<\/p>\n<p>Huomaa: jopa elokuussa illat voivat laskea rannikolla 19 tai 20 \u00b0C:een. Kevyt villatakki tai huppari on hy\u00f6dyllinen ulkoilmaillallisia varten.<\/p>\n<p>Jos elokuu on sinun kuukautesi ja kalima (Saharan p\u00f6lyilmi\u00f6) osuu kohdalle, l\u00e4mp\u00f6tila voi nousta 5-8 \u00b0C normaalia korkeammaksi ja n\u00e4kyvyys heikkenee. Sen varalle ei tarvitse pakata mit\u00e4\u00e4n, mutta voit odottaa, ett\u00e4 se voi kest\u00e4\u00e4 yhden tai kaksi p\u00e4iv\u00e4\u00e4 jossain vaiheessa.<\/p>\n<h4><span class=\"ez-toc-section\" id=\"What_to_wear_in_Tenerife_in_September_and_October\"><\/span><strong>Mit\u00e4 pukeutua Teneriffalla syyskuussa ja lokakuussa?<\/strong><span class=\"ez-toc-section-end\"><\/span><\/h4>\n<p>Viel\u00e4 l\u00e4mmin. Meri saavuttaa vuotuisen huippunsa 23-24 \u00b0C:ssa syyskuussa (vuoden l\u00e4mpimin uinti). P\u00e4iv\u00e4saikaan korkeimmat l\u00e4mp\u00f6tilat ovat 26-28 \u00b0C etel\u00e4ss\u00e4. Pakkaa sama kuin kes\u00e4ll\u00e4, mutta lokakuussa aletaan tarvita luotettavammin iltakerrosta. Sateet ovat hieman todenn\u00e4k\u00f6isempi\u00e4 pohjoisessa lokakuun loppupuolella.<\/p>\n<h4><span class=\"ez-toc-section\" id=\"What_to_wear_in_Tenerife_in_November\"><\/span><strong>Mit\u00e4 pukeutua Teneriffalla marraskuussa<\/strong><span class=\"ez-toc-section-end\"><\/span><\/h4>\n<p>Siirtyminen talveen. Etel\u00e4ss\u00e4 on edelleen useimmiten 24 \u00b0C, pohjoisessa noin 22 \u00b0C. Meri 21 \u00b0C. Vuoden sateisin jakso alkaa, mutta Teneriffalla \u201cm\u00e4rk\u00e4\u201d tarkoittaa muutamia sadep\u00e4ivi\u00e4, l\u00e4hinn\u00e4 pohjoisessa. Pakkaa:<\/p>\n<p>- Sekoitus kes\u00e4- ja v\u00e4likauden vaatteita<br \/>\n- T-paidat ja shortsit l\u00e4mpimi\u00e4 p\u00e4ivi\u00e4 varten<br \/>\n- Pitk\u00e4hihaiset toppahousut ja kevyet housut viile\u00e4mpi\u00e4 p\u00e4ivi\u00e4 varten.<br \/>\n- Takki iltoja varten<br \/>\n- Yksi pari lenkkareita sek\u00e4 sandaalit<br \/>\n- Uimapuvut (viel\u00e4 k\u00e4ytt\u00f6kelpoiset)<br \/>\n- Kevyt sadetakki tai sateenvarjo<\/p>\n<h4><span class=\"ez-toc-section\" id=\"What_to_wear_in_Tenerife_in_December\"><\/span><strong>Mit\u00e4 pukeutua Teneriffalla joulukuussa<\/strong><span class=\"ez-toc-section-end\"><\/span><\/h4>\n<p>Leuto ja miellytt\u00e4v\u00e4, mutta viile\u00e4mpi. L\u00e4mp\u00f6tila on etel\u00e4ss\u00e4 korkeimmillaan 22 \u00b0C ja pohjoisessa 20 \u00b0C. Joitakin pilvisi\u00e4 p\u00e4ivi\u00e4. Meri 20 \u00b0C. Joulukuu on keskim\u00e4\u00e4rin sateisin kuukausi (noin 56 mm), mutta sateet keskittyv\u00e4t pohjoiseen ja satavat lyhyin\u00e4 jaksoina. Pakkaa:<\/p>\n<p>- Pitk\u00e4t housut ja farkut<br \/>\n- T-paidat ja pitk\u00e4hihaiset topit<br \/>\n- Pusero tai fleece<br \/>\n- Kunnon takki (ei pelkk\u00e4 tuulitakki).<br \/>\n- Suljetut keng\u00e4t<br \/>\n- Uimapuvut (kyll\u00e4, ihmiset uivat)<br \/>\n- Kevyt sadetakki<br \/>\n- L\u00e4mmin kerros Teidelle, jos vierailet siell\u00e4<\/p>\n<p>Joulukuu on pohjoiseurooppalaisille talviaurinkoa, mutta se ei ole Karibian s\u00e4\u00e4. Hallitse odotuksia ja pakkaa sen mukaan.<\/p>\n<h3><span class=\"ez-toc-section\" id=\"Packing_for_Teide_dont_underestimate_the_mountain\"><\/span>Pakkaaminen Teidelle: \u00e4l\u00e4 aliarvioi vuorta<span class=\"ez-toc-section-end\"><\/span><\/h3>\n<p>T\u00e4m\u00e4 on se kohta, jonka useimmat k\u00e4vij\u00e4t ymm\u00e4rt\u00e4v\u00e4t v\u00e4\u00e4rin. Teide on noin 15-20 \u00b0C viile\u00e4mpi kuin rannikko ymp\u00e4ri vuoden. Jos Costa Adejessa on 24 \u00b0C, k\u00f6ysiradan huippuasemalla (3 555 m) on noin 5-9 \u00b0C. Talvella huipulla voi olla reilusti pakkasta ja lunta.<\/p>\n<p>Jos olet menossa Teiden kansallispuistoon, ota mukaan:<\/p>\n<p>- Pitk\u00e4t housut<br \/>\n- Suljetut keng\u00e4t (lenkkarit tai vaelluskeng\u00e4t).<br \/>\n- L\u00e4mmin villapaita tai fleece<br \/>\n- Tuulta kest\u00e4v\u00e4 takki<br \/>\n- Hattu (erityisesti kes\u00e4ll\u00e4, koska aurinko on korkealla kovaa).<br \/>\n- Aurinkolasit (UV-s\u00e4teily on paljon voimakkaampaa siell\u00e4 ylh\u00e4\u00e4ll\u00e4).<br \/>\n- Aurinkovoide (sama syy)<br \/>\n- Vesi (se on kuivaa)<\/p>\n<p>Huipulle viev\u00e4\u00e4 k\u00f6ysiradan nousua varten kannattaa talvella ottaa mukaan pipo ja hanskat. T-paitoihin ja shortseihin pukeutuneet ihmiset t\u00e4risev\u00e4t huippuasemalla, mik\u00e4 on yksi Teneriffan ennalta arvattavimmista n\u00e4ht\u00e4vyyksist\u00e4.<\/p>\n<p>Osoitteessa <a href=\"https:\/\/canaryvip.com\/fi\/shop\/stargazing-tenerife-teide-by-night\/\"><strong>t\u00e4htitarkkailuretket<\/strong><\/a> Pukeudu illalla kuin olisit menossa hiiht\u00e4m\u00e4\u00e4n. Jopa kes\u00e4ll\u00e4 y\u00f6l\u00e4mp\u00f6tilat ovat korkealla noin 5-10 \u00b0C, ja kun aurinko laskee, tulee nopeasti kylm\u00e4. Useimmat t\u00e4htiharrastajat tarjoavat l\u00e4mp\u00f6takkeja ja kuumaa kaakaota, mutta ota mukaan omat l\u00e4mpim\u00e4t kerroksesi.<\/p>\n<h3><span class=\"ez-toc-section\" id=\"Can_you_swim_in_Tenerife_year-round\"><\/span>Voiko Teneriffalla uida ymp\u00e4ri vuoden?<span class=\"ez-toc-section-end\"><\/span><\/h3>\n<p>Kyll\u00e4, teknisesti. Meren l\u00e4mp\u00f6tila vaihtelee 19 \u00b0C:sta (tammi-maaliskuussa) 24 \u00b0C:een (syyskuussa). Vertailun vuoksi mainittakoon, ett\u00e4 Yhdistyneen kuningaskunnan meri on talvella noin 8 \u00b0C ja kes\u00e4ll\u00e4 17 \u00b0C. Teneriffan meri on aina t\u00e4t\u00e4 l\u00e4mpim\u00e4mpi.<\/p>\n<p>Se, uitko itse, riippuu sietokyvyst\u00e4si. 19 \u00b0C on reipas l\u00e4mp\u00f6tila, ja useimmat satunnaiset uimarit pit\u00e4v\u00e4t sit\u00e4 ep\u00e4miellytt\u00e4v\u00e4n\u00e4. Paikalliset ja s\u00e4\u00e4nn\u00f6lliset meriuimarit uivat ymp\u00e4ri vuoden, usein ilman m\u00e4rk\u00e4pukua. L\u00e4mpimist\u00e4 maista tulevat matkailijat odottavat yleens\u00e4, kunnes meri on v\u00e4hint\u00e4\u00e4n 21 \u00b0C (kes\u00e4kuusta alkaen).<\/p>\n<p>Jos vierailet talvella ja haluat ehdottomasti uida, etel\u00e4rannikko on l\u00e4mpim\u00e4mpi kuin pohjoisrannikko (suojaisampi, aurinkoisempi ja rauhallisempi). Playa del Duquen ja Playa de las Vistan kaltaiset rannat ovat hyvi\u00e4 talviuintivaihtoehtoja.<\/p>\n<p>Jos haluat uida ymp\u00e4ri vuoden l\u00e4mmitetyss\u00e4 vedess\u00e4, useimmissa lomakohteissa on l\u00e4mmitettyj\u00e4 uima-altaita ja <strong>Lago Martianez<\/strong> kompleksissa Puerto de la Cruzissa on suolaisen veden altaat, joita voi k\u00e4ytt\u00e4\u00e4 kaikkina vuodenaikoina.<\/p>\n<h3><span class=\"ez-toc-section\" id=\"North_vs_south_how_packing_differs\"><\/span>Pohjoinen vs. etel\u00e4: miten pakkaaminen eroaa<span class=\"ez-toc-section-end\"><\/span><\/h3>\n<p><img decoding=\"async\" class=\"alignnone wp-image-17119\" src=\"https:\/\/canaryvip.com\/wp-content\/uploads\/2024\/06\/wheretostaytenerife.webp\" alt=\"Miss\u00e4 y\u00f6py\u00e4 Teneriffalla\" width=\"800\" height=\"447\" title=\"\" srcset=\"https:\/\/canaryvip.com\/wp-content\/uploads\/2024\/06\/wheretostaytenerife.webp 1376w, https:\/\/canaryvip.com\/wp-content\/uploads\/2024\/06\/wheretostaytenerife-300x167.webp 300w, https:\/\/canaryvip.com\/wp-content\/uploads\/2024\/06\/wheretostaytenerife-1024x572.webp 1024w, https:\/\/canaryvip.com\/wp-content\/uploads\/2024\/06\/wheretostaytenerife-18x10.webp 18w, https:\/\/canaryvip.com\/wp-content\/uploads\/2024\/06\/wheretostaytenerife-600x335.webp 600w\" sizes=\"(max-width: 800px) 100vw, 800px\" \/><\/p>\n<p>Jos majoitut <strong>Teneriffan etel\u00e4osa<\/strong> (Costa Adeje, Playa de las Americas, Los Cristianos, El Medano):<\/p>\n<p>- Lis\u00e4\u00e4 shortseja, t-paitoja, kes\u00e4vaatteita<br \/>\n- V\u00e4hemm\u00e4n sadevarusteita<br \/>\n- Hieman v\u00e4hemm\u00e4n l\u00e4mpimi\u00e4 kerroksia (mutta ota silti joitakin mukaan).<br \/>\n- Rantavarusteet ovat p\u00e4ivitt\u00e4isess\u00e4 k\u00e4yt\u00f6ss\u00e4<\/p>\n<p>Jos majoitut <strong>Teneriffan pohjoisosa<\/strong> (Puerto de la Cruz, La Orotava, La Laguna, Anaga):<\/p>\n<p>- Lis\u00e4\u00e4 kerroksia, mukaan lukien kunnon takki<br \/>\n- Kevyt sadetakki tai sateenvarjo, erityisesti marraskuusta maaliskuuhun.<br \/>\n- Suljetut keng\u00e4t useammin kuin sandaalit<br \/>\n- Rantavarusteet v\u00e4hemm\u00e4n v\u00e4ltt\u00e4m\u00e4tt\u00f6mi\u00e4 (pohjoisessa on v\u00e4hemm\u00e4n suuria hiekkarantoja ja meri on karumpi).<\/p>\n<p>Jos olet <strong>k\u00e4ym\u00e4ll\u00e4 sek\u00e4<\/strong>, pakkaa kylmemm\u00e4lle puolelle ja j\u00e4t\u00e4 kerrokset pois, kun olet l\u00e4mpim\u00e4ll\u00e4 puolella.<\/p>\n<h3><span class=\"ez-toc-section\" id=\"Tenerife_packing_FAQ\"><\/span>Teneriffan pakkaaminen FAQ<span class=\"ez-toc-section-end\"><\/span><\/h3>\n<p><strong>Tarvitsenko l\u00e4mpim\u00e4n takin Teneriffalla kes\u00e4ll\u00e4?<\/strong><\/p>\n<p>Kevyt kerros iltaa varten on hy\u00f6dyllinen. Raskasta talvitakkia ei tarvita, ellet ole menossa Teidelle.<\/p>\n<p><strong>Tarvitsenko sateenvarjon Teneriffalla?<\/strong><\/p>\n<p>Etel\u00e4ss\u00e4 ei (sade on harvinaista). Pohjoisessa marraskuun ja maaliskuun v\u00e4lisen\u00e4 aikana pieni sateenvarjo tai kevyt sadetakki kannattaa pakata mukaan.<\/p>\n<p><strong>Voinko k\u00e4ytt\u00e4\u00e4 shortseja talvella?<\/strong><\/p>\n<p>Kyll\u00e4, etel\u00e4n l\u00e4mpimin\u00e4 p\u00e4ivin\u00e4. Mutta pakkaa mukaan my\u00f6s pitk\u00e4t housut, koska joka p\u00e4iv\u00e4 ei ole shortsis\u00e4\u00e4.<\/p>\n<p><strong>Mit\u00e4 kenki\u00e4 tarvitsen?<\/strong><\/p>\n<p>V\u00e4himm\u00e4isvaatimus: lenkkarit tai mukavat k\u00e4velykeng\u00e4t sek\u00e4 sandaalit tai varvassandaalit. Lis\u00e4\u00e4 kunnon vaelluskeng\u00e4t, jos aiot tehd\u00e4 kunnon vaelluksia.<\/p>\n<p><strong>Tarvitsenko muodollisia vaatteita?<\/strong><\/p>\n<p>Teneriffa on rento. Lomakohteiden ravintoloissa ei ole pukukoodeja. Hienoimmissa paikoissa (Costa Adejen lomakohteiden Michelin-t\u00e4htiravintolat, kasinot) odotetaan tyylik\u00e4st\u00e4 rentoutta, mutta ei smokkeja.<\/p>\n<p><strong>Mik\u00e4 on pukukoodi rannalla?<\/strong><\/p>\n<p>Uimapuvut ovat sallittuja rannalla ja rantabaareissa. Auringonotto ilman yl\u00e4osaa on laillista ja yleist\u00e4. Nudismi on laillista tietyill\u00e4 rannoilla (Playa de la Tejitalla on vaatteeton osa). Rannan ulkopuolella kannattaa pukeutua: pelkiss\u00e4 uimapuvuissa kuljeskelu lomakohteissa ei kuulu asiaan.<\/p>\n<p><strong>Tuleeko Teidelle lunta?<\/strong><\/p>\n<p>Mahdollista joulukuusta huhtikuuhun, erityisesti tammi- ja helmikuussa. Lumi voi sulkea k\u00f6ysiradalle johtavan tien p\u00e4iv\u00e4ksi tai kahdeksi, kun sit\u00e4 sataa. Tarkista olosuhteet ennen ajamista.<\/p>\n<h2><span class=\"ez-toc-section\" id=\"Planning_your_Tenerife_trip\"><\/span>Teneriffan matkan suunnittelu<span class=\"ez-toc-section-end\"><\/span><\/h2>\n<p>Riippumatta siit\u00e4, miss\u00e4 kuussa vierailet, <a href=\"https:\/\/canaryvip.com\/fi\/\"><strong>CanaryVIP<\/strong><\/a> on <a href=\"https:\/\/canaryvip.com\/fi\/tenerife\/\">retki\u00e4 ja aktiviteetteja Teneriffalla<\/a> hotellin nouto etel\u00e4rannikon lomakohteista. Osoitteesta <a href=\"https:\/\/canaryvip.com\/fi\/tenerife\/boat-excursions\/\">valaiden katselu<\/a> osoitteeseen <a href=\"https:\/\/canaryvip.com\/fi\/tenerife\/water-sports\/\">vesiurheilu<\/a>, <a href=\"https:\/\/canaryvip.com\/fi\/shop\/teide-guided-bus-tour\/\">Teiden retket<\/a>ja <a href=\"https:\/\/canaryvip.com\/fi\/tenerife\/guided-tours\/\">opastetut saarikierrokset<\/a>.<\/p>\n<p>Lis\u00e4tietoja vierailuajankohdan valinnasta l\u00f6yd\u00e4t osoitteesta <a href=\"https:\/\/canaryvip.com\/fi\/the-best-time-to-visit-tenerife\/\"><strong>paras aika vierailla Teneriffalla opas<\/strong><\/a>. Jos haluat p\u00e4\u00e4tt\u00e4\u00e4, miss\u00e4 y\u00f6py\u00e4, katso meid\u00e4n <a href=\"https:\/\/canaryvip.com\/fi\/north-vs-south-tenerife\/\"><strong>Teneriffan pohjois- ja etel\u00e4osan vertailu<\/strong><\/a>.<\/p>\n<p><strong><a href=\"https:\/\/canaryvip.com\/fi\/tenerife\/\">Selaa kaikkia Teneriffan retki\u00e4<\/a><\/strong><\/p>","protected":false},"excerpt":{"rendered":"<p>Tenerife microclimates and what to pack: a month-by-month guide Tenerife is a small island with five distinct climate zones. You can leave a beach in Costa Adeje in 24\u00b0C sunshine and arrive at the top of Mount Teide an hour later in near-freezing temperatures with snow on the ground. The same day. This is what&#8230;<\/p>","protected":false},"author":4,"featured_media":10581,"comment_status":"open","ping_status":"closed","sticky":false,"template":"","format":"standard","meta":{"_acf_changed":false,"footnotes":""},"categories":[76],"tags":[87,96],"class_list":["post-10686","post","type-post","status-publish","format-standard","has-post-thumbnail","hentry","category-travel-tips-and-practical-information","tag-tenerife","tag-tenerifes-microclimates"],"acf":[],"_links":{"self":[{"href":"https:\/\/canaryvip.com\/fi\/wp-json\/wp\/v2\/posts\/10686","targetHints":{"allow":["GET"]}}],"collection":[{"href":"https:\/\/canaryvip.com\/fi\/wp-json\/wp\/v2\/posts"}],"about":[{"href":"https:\/\/canaryvip.com\/fi\/wp-json\/wp\/v2\/types\/post"}],"author":[{"embeddable":true,"href":"https:\/\/canaryvip.com\/fi\/wp-json\/wp\/v2\/users\/4"}],"replies":[{"embeddable":true,"href":"https:\/\/canaryvip.com\/fi\/wp-json\/wp\/v2\/comments?post=10686"}],"version-history":[{"count":5,"href":"https:\/\/canaryvip.com\/fi\/wp-json\/wp\/v2\/posts\/10686\/revisions"}],"predecessor-version":[{"id":17131,"href":"https:\/\/canaryvip.com\/fi\/wp-json\/wp\/v2\/posts\/10686\/revisions\/17131"}],"wp:featuredmedia":[{"embeddable":true,"href":"https:\/\/canaryvip.com\/fi\/wp-json\/wp\/v2\/media\/10581"}],"wp:attachment":[{"href":"https:\/\/canaryvip.com\/fi\/wp-json\/wp\/v2\/media?parent=10686"}],"wp:term":[{"taxonomy":"category","embeddable":true,"href":"https:\/\/canaryvip.com\/fi\/wp-json\/wp\/v2\/categories?post=10686"},{"taxonomy":"post_tag","embeddable":true,"href":"https:\/\/canaryvip.com\/fi\/wp-json\/wp\/v2\/tags?post=10686"}],"curies":[{"name":"wp","href":"https:\/\/api.w.org\/{rel}","templated":true}]}}